{"id":565466,"date":"2025-11-28T23:15:17","date_gmt":"2025-11-28T23:15:17","guid":{"rendered":"https:\/\/www.europesays.com\/fr\/565466\/"},"modified":"2025-11-28T23:15:17","modified_gmt":"2025-11-28T23:15:17","slug":"le-president-de-logc-nice-ferme-la-porte-a-un-depart-de-haise","status":"publish","type":"post","link":"https:\/\/www.europesays.com\/fr\/565466\/","title":{"rendered":"le pr\u00e9sident de l\u2019OGC Nice ferme la porte \u00e0 un d\u00e9part de Haise"},"content":{"rendered":"<p>Dans un entretien accord\u00e9 \u00e0 L\u2019Equipe ce vendredi 28 novembre, le pr\u00e9sident de l\u2019OGC Nice Fabrice Bocquet a r\u00e9affirm\u00e9 sa confiance \u00e0 Franck Haise. Jeudi, l\u2019entra\u00eeneur ni\u00e7ois avait ouvert la porte \u00e0 un d\u00e9part apr\u00e8s la d\u00e9faite de son \u00e9quipe contre Porto (0-3) en Ligue Europa.<\/p>\n<p>Pas de changement d\u2019entra\u00eeneur en vue \u00e0 Nice. Ce 28 novembre, Fabrice Bocquet, le pr\u00e9sident du Gym, a confi\u00e9 \u00e0 <a href=\"https:\/\/www.lequipe.fr\/Football\/Article\/Le-president-de-nice-fabrice-bocquet-au-sujet-d-un-depart-de-franck-haise-ce-n-est-pas-la-solution\/1613018\" target=\"_blank\" class=\"external_link\" rel=\"noopener\">l\u2019Equipe<\/a> qu\u2019un d\u00e9part de Franck Haise de son poste d\u2019entra\u00eeneur n\u2019\u00e9tait \u201cpas la solution\u201d. \u201cIl m&rsquo;a propos\u00e9 de partir sans d\u00e9missionner et je lui ai dit que je n&rsquo;\u00e9tais pas favorable \u00e0 cette solution\u201d, explique-t-il au quotidien. M\u00eame son de cloche chez Florian Maurice, le directeur sportif du club, et Jean-Claude Blanc, le CEO d\u2019Ineos Sport qui d\u00e9tient Nice.<\/p>\n<p>L\u2019OGC Nice est actuellement sur une s\u00e9rie de 5 d\u00e9faites toutes comp\u00e9titions confondues. Le club de la C\u00f4te d\u2019Azur est par ailleurs <a href=\"https:\/\/rmcsport.bfmtv.com\/football\/europa-league\/video-porto-3-0-nice-toujours-la-meme-rengaine-pour-les-aiglons-encore-battus-haise-sur-un-fil_VN-202511271110.html\" title=\"Porto 3-0 Nice : toujours la m\u00eame rengaine pour les Aiglons encore battus, Haise sur un fil\u2026\" class=\"internal_link\" target=\"_blank\" rel=\"noopener\">bon dernier de Ligue Europa<\/a> avec 5 d\u00e9faites en autant de journ\u00e9e et pointe \u00e0 la 9e place en Ligue 1.<\/p>\n<p>\u201cIl y a un travail au quotidien \u00e0 am\u00e9liorer, il y aura une fen\u00eatre au mercato d&rsquo;hiver qui pourra nous aider mais qui ne doit pas \u00eatre consid\u00e9r\u00e9e comme la solution \u00e0 tous nos probl\u00e8mes. Une chose est s\u00fbre, <a href=\"https:\/\/rmcsport.bfmtv.com\/football\/europa-league\/nice-ce-n-est-pas-lui-le-probleme-les-joueurs-de-nice-au-soutien-de-haise-apres-avoir-propose-son-depart_AV-202511280289.html\" title=\"Nice: &quot;Ce n&#039;est pas lui le probl\u00e8me&quot;, les joueurs de Nice au soutien de Haise apr\u00e8s avoir propos\u00e9 son d\u00e9part\" class=\"internal_link\" target=\"_blank\" rel=\"noopener\">ce n&rsquo;est pas la solution de voir Franck partir<\/a>\u201d, a insist\u00e9 Fabrice Bocquet.<\/p>\n<p>\u201cJe me suis battu pour que Franck nous rejoigne\u201d<\/p>\n<p>Jeudi, en conf\u00e9rence de presse apr\u00e8s la d\u00e9faite contre Porto (0-3) en Ligue Europa, Franck Haise avait ouvert la porte \u00e0 un d\u00e9part : \u00ab\u00a0Bien s\u00fbr que je me remets en cause. Les dirigeants peuvent vous le dire puisque <a href=\"https:\/\/rmcsport.bfmtv.com\/football\/europa-league\/je-leur-ai-propose-d-etre-l-electrochoc-haise-a-evoque-son-depart-a-ses-dirigeants-apres-nice-om_AV-202511271073.html\" title=\"&quot;Je leur ai propos\u00e9 d\u2019\u00eatre l\u2019\u00e9lectrochoc&quot;: Haise a \u00e9voqu\u00e9 son d\u00e9part \u00e0 ses dirigeants apr\u00e8s Nice-OM\" class=\"internal_link\" target=\"_blank\" rel=\"noopener\">je leur ai propos\u00e9 d\u2019\u00eatre l\u2019\u00e9lectrochoc<\/a> il y a quelques jours, apr\u00e8s Marseille (<a href=\"https:\/\/rmcsport.bfmtv.com\/football\/ligue-1\/video-nice-1-5-om-on-fait-trop-de-cadeaux-c-est-impossible-se-lamente-haise-apres-la-claque-olympienne_VN-202511210991.html\" title=\"Nice 1-5 OM :&quot;On fait trop de cadeaux, c&#039;est impossible...&quot; se lamente Haise apr\u00e8s la claque olympienne\" class=\"internal_link\" target=\"_blank\" rel=\"noopener\">d\u00e9faite 1-5<\/a>). Je me suis dit: &lsquo;Si \u00e7a doit \u00eatre la solution, je suis pr\u00eat \u00e0 l\u2019accepter&rsquo;\u201d.<\/p>\n<p>Et d\u2019ajouter: \u201cCe n\u2019est semble-t-il, \u00e0 date, pas la solution. Je me remets avec mes joueurs, mon staff et le club. Je bosse et un jour, comme pour tout entra\u00eeneur, si je dois \u00eatre le fusible, je le serai. Ce sera pour le bien du club. Aujourd\u2019hui, \u00e0 partir du moment o\u00f9 ce n\u2019est pas la solution, je me bats avec nos armes, avec les miennes. Je vais continuer \u00e0 me battre tant que je serai \u00e0 la t\u00eate de Nice\u00a0\u00bb.<\/p>\n<p>L\u2019entra\u00eeneur avait par ailleurs refus\u00e9 toute possibilit\u00e9 de d\u00e9mission: \u201cSi je d\u00e9missionne \u00e7a veut dire que je jette l\u2019\u00e9ponge et que je laisse mes joueurs, non. Tant que je serai devant vous, j\u2019assumerai mes responsabilit\u00e9s\u201d. Une attitude que salue le pr\u00e9sident de Nice : \u201cCe que je retiens dans le discours de Franck, c&rsquo;est son envie de continuer. Il a dit qu&rsquo;il ne voulait pas jeter l&rsquo;\u00e9ponge et ne voulait pas abandonner ses joueurs et c&rsquo;est l&rsquo;essentiel. Il faut \u00eatre r\u00e9silient, faire preuve d&rsquo;unit\u00e9. Je me suis battu il y a un an et demi pour que Franck et son staff nous rejoignent\u201d. Franck Haise a d&rsquo;ailleurs prolong\u00e9 jusqu\u2019en 2029 en septembre dernier. L\u2019OGC Nice joue ce dimanche 30 novembre \u00e0 Lorient (17h15). Contre le 16e de Ligue 1, les Ni\u00e7ois peuvent tenter de se relancer et mettre fin \u00e0 leur s\u00e9rie de d\u00e9faites.<\/p>\n","protected":false},"excerpt":{"rendered":"Dans un entretien accord\u00e9 \u00e0 L\u2019Equipe ce vendredi 28 novembre, le pr\u00e9sident de l\u2019OGC Nice Fabrice Bocquet a&hellip;\n","protected":false},"author":2,"featured_media":565467,"comment_status":"","ping_status":"","sticky":false,"template":"","format":"standard","meta":{"footnotes":""},"categories":[2819],"tags":[1111,11,1777,674,1011,27,12,2401,882,25],"class_list":{"0":"post-565466","1":"post","2":"type-post","3":"status-publish","4":"format-standard","5":"has-post-thumbnail","7":"category-nice","8":"tag-actu","9":"tag-actualites","10":"tag-eu","11":"tag-europe","12":"tag-fr","13":"tag-france","14":"tag-news","15":"tag-nice","16":"tag-provence-alpes-cote-dazur","17":"tag-republique-francaise"},"share_on_mastodon":{"url":"https:\/\/pubeurope.com\/@fr\/115629871887459450","error":""},"_links":{"self":[{"href":"https:\/\/www.europesays.com\/fr\/wp-json\/wp\/v2\/posts\/565466","targetHints":{"allow":["GET"]}}],"collection":[{"href":"https:\/\/www.europesays.com\/fr\/wp-json\/wp\/v2\/posts"}],"about":[{"href":"https:\/\/www.europesays.com\/fr\/wp-json\/wp\/v2\/types\/post"}],"author":[{"embeddable":true,"href":"https:\/\/www.europesays.com\/fr\/wp-json\/wp\/v2\/users\/2"}],"replies":[{"embeddable":true,"href":"https:\/\/www.europesays.com\/fr\/wp-json\/wp\/v2\/comments?post=565466"}],"version-history":[{"count":0,"href":"https:\/\/www.europesays.com\/fr\/wp-json\/wp\/v2\/posts\/565466\/revisions"}],"wp:featuredmedia":[{"embeddable":true,"href":"https:\/\/www.europesays.com\/fr\/wp-json\/wp\/v2\/media\/565467"}],"wp:attachment":[{"href":"https:\/\/www.europesays.com\/fr\/wp-json\/wp\/v2\/media?parent=565466"}],"wp:term":[{"taxonomy":"category","embeddable":true,"href":"https:\/\/www.europesays.com\/fr\/wp-json\/wp\/v2\/categories?post=565466"},{"taxonomy":"post_tag","embeddable":true,"href":"https:\/\/www.europesays.com\/fr\/wp-json\/wp\/v2\/tags?post=565466"}],"curies":[{"name":"wp","href":"https:\/\/api.w.org\/{rel}","templated":true}]}}