{"id":565479,"date":"2025-11-28T23:24:57","date_gmt":"2025-11-28T23:24:57","guid":{"rendered":"https:\/\/www.europesays.com\/fr\/565479\/"},"modified":"2025-11-28T23:24:57","modified_gmt":"2025-11-28T23:24:57","slug":"lyon-nouveau-leader-apres-son-carton-lille-reagit-et-nice-sombre","status":"publish","type":"post","link":"https:\/\/www.europesays.com\/fr\/565479\/","title":{"rendered":"Lyon nouveau leader apr\u00e8s son carton, Lille\u00a0r\u00e9agit et Nice sombre"},"content":{"rendered":"<p>Maccabi Tel Aviv &#8211; Lyon<\/p>\n<p>0-6<\/p>\n<p>L&rsquo;Olympique lyonnais a mis un terme \u00e0 sa s\u00e9rie de cinq matches sans victoire cons\u00e9cutive jeudi en s&rsquo;imposant facilement (6-0) face au Maccabi Tel Aviv jeudi soir \u00e0 Backa Topola (Serbie) en Ligue Europa. Un succ\u00e8s qui permet aux Rhodaniens de prendre les commandes de la phase de ligue, \u00e0 deux journ\u00e9es de la fin.<\/p>\n<p>L&rsquo;OL restait sur deux d\u00e9faites et trois matches nuls, apr\u00e8s <a href=\"https:\/\/www.ledauphine.com\/sport\/2025\/11\/23\/ligue-1-l-ol-tenu-en-echec-par-la-lanterne-rouge-auxerre\" target=\"_blank\" rel=\"noopener\">celui conc\u00e9d\u00e9 le 23 novembre \u00e0 Auxerre (0-0)<\/a> au cours duquel l&rsquo;\u00e9quipe rhodanienne s&rsquo;\u00e9tait montr\u00e9e inoffensive. Face \u00e0 un adversaire de bien faible niveau et dans une rencontre disput\u00e9e sur terrain neutre (en raison de la situation g\u00e9opolitique, ndlr) et devant \u00e0 peine 500 spectateurs, les prot\u00e9g\u00e9s de <a href=\"https:\/\/www.ledauphine.com\/p\/paulo-fonseca\" target=\"_blank\" rel=\"noopener\">Paulo Fonseca<\/a> ont pu reprendre confiance offensivement, port\u00e9s par leur capitaine Tolisso, auteur du premier tripl\u00e9 de sa carri\u00e8re.<\/p>\n<p>  Tolisso voit triple<\/p>\n<p>Apr\u00e8s l&rsquo;ouverture du score du Br\u00e9silien <a href=\"https:\/\/www.ledauphine.com\/p\/abner-vinicius\" target=\"_blank\" rel=\"noopener\">Abner<\/a>, \u00e0 la r\u00e9ception d&rsquo;un centre de Mathys de Carvalho que n&rsquo;avait pu reprendre Tolisso (1-0, 4e), celui-ci a ensuite marqu\u00e9 le 500e but europ\u00e9en de l&rsquo;OL en reprenant de la t\u00eate un centre d\u00e9livr\u00e9 par Abner (2-0, 25e). Il s&rsquo;est offert un doubl\u00e9 en\u00a0reprenant de la t\u00eate un centre adress\u00e9 de la droite par le Tch\u00e8que <a href=\"https:\/\/www.ledauphine.com\/p\/pavel-sulc\" target=\"_blank\" rel=\"noopener\">Pavel Sulc<\/a> (4-0, 51e).\u00a0Puis\u00a0le capitaine lyonnais a repris du pied droit une passe en retrait de Sulc, encore lui, deux minutes plus tard (5-0, 53e).<\/p>\n<p>Entre-temps, <a href=\"https:\/\/www.ledauphine.com\/p\/moussa-niakhate\" target=\"_blank\" rel=\"noopener\">Moussa Niakhat\u00e9<\/a> avait transform\u00e9 un penalty accord\u00e9 pour une faute sur Sulc (3-0, 35e), par ailleurs deux fois passeur d\u00e9cisif. \u00c0\u00a0l&rsquo;heure de jeu, le Tch\u00e8que <a href=\"https:\/\/www.ledauphine.com\/p\/adam-karabec\" target=\"_blank\" rel=\"noopener\">Adam Karabec<\/a>, entr\u00e9 en cours de\u00a0jeu, a inscrit le sixi\u00e8me but (6-0, 62e), pour mettre l&rsquo;OL dans les meilleurs conditions \u00e0 trois journ\u00e9es de la fin de cette premi\u00e8re phase et avant la r\u00e9ception de Nantes ce dimanche (20h45).<\/p>\n<p>Lille &#8211; Dinamo Zagreb<\/p>\n<p>4-0<\/p>\n<p>Lille a repris son destin en main jeudi. Battus lors des deux pr\u00e9c\u00e9dentes journ\u00e9es europ\u00e9ennes, les Dogues\u00a0se sont relanc\u00e9s dans la course \u00e0 la qualification directe en dominant facilement le Dinamo Zagreb\u00a0(4-0) jeudi au stade Pierre-Mauroy. Revigor\u00e9s par <a href=\"https:\/\/www.ledauphine.com\/sport\/2025\/11\/23\/ligue-1-giroud-relance-lille-face-au-paris-fc\" target=\"_blank\" rel=\"noopener\">leur succ\u00e8s contre le Paris FC (4-2) dimanche<\/a>, les Nordistes\u00a0enregistrent un troisi\u00e8me succ\u00e8s en cinq rencontres europ\u00e9ennes avant un d\u00e9placement en Suisse en d\u00e9cembre chez les Young Boys de Berne.<\/p>\n<p>Souvent inconstants cette saison, les hommes de <a href=\"https:\/\/www.ledauphine.com\/p\/bruno-genesio\" target=\"_blank\" rel=\"noopener\">Bruno Genesio<\/a> avaient d\u00e9but\u00e9 leur campagne europ\u00e9enne par deux succ\u00e8s contre Bergen (2-1) et \u00e0 Rome (1-0), avant de voir leur \u00e9lan stopp\u00e9 avec une gifle \u00e0 domicile (4-3) face au PAOK Salonique, et une d\u00e9faite \u00e0 Belgrade contre l&rsquo;\u00c9toile Rouge (1-0).<\/p>\n<p>Igamane d\u00e9cisif<\/p>\n<p>Pas encore totalement en confiance, Lille a d\u00e9but\u00e9 timidement la rencontre face au Dinamo, qui a fait frissonner le public sur une t\u00eate bien plac\u00e9e de Monsef Bakrar avant que le but ne soit annul\u00e9 pour une faute de l&rsquo;attaquant international alg\u00e9rien (8e).<\/p>\n<p>D&rsquo;abord impr\u00e9cis devant le but adverse et pas totalement serein devant le leur, les Lillois ont fait preuve d&rsquo;une efficacit\u00e9 maximum sur leur premi\u00e8re r\u00e9elle occasion. Sur une phase de transition, Hakon Haraldsson a trouv\u00e9 Felix Correia d&rsquo;une longue passe lumineuse, le Portugais remportant ensuite son duel contre le gardien croate Ivan Filipovic (1-0, 24e).<\/p>\n<p>L&rsquo;attaquant marocain Hamza Igamane, titulaire pour\u00a0reposer <a href=\"https:\/\/www.ledauphine.com\/p\/olivier-giroud\" target=\"_blank\" rel=\"noopener\">Olivier Giroud<\/a>, s&rsquo;est montr\u00e9 d\u00e9cisif peu apr\u00e8s, une nouvelle fois sur une contre-attaque, en servant dans la surface Ngal&rsquo;ayel Mukau pour le but du break (2-0, 36e).<\/p>\n<p>Plus inqui\u00e9t\u00e9s par un Dinamo apathique, les Dogues ont alourdi le score en seconde p\u00e9riode avec deux buts sign\u00e9s Igamane, r\u00e9compens\u00e9 de son activit\u00e9 (3-0, 69e), et Benjamin Andr\u00e9 (4-0, 86e). De quoi envisager avec un regain de confiance le d\u00e9placement au Havre dimanche en Ligue 1 pour tenter de recoller au podium.<\/p>\n<p>Porto &#8211; Nice<\/p>\n<p>3-0<\/p>\n<p>Les semaines passent et se ressemblent pour l&rsquo;OGC Nice. Les Aiglons continuent d&rsquo;encha\u00eener les records (n\u00e9gatifs) en Coupe d&rsquo;Europe : \u00e0 Porto, les hommes de Franck Haise ont \u00e9t\u00e9 totalement submerg\u00e9s par meilleurs qu&rsquo;eux (3-0), et ont subi leur cinqui\u00e8me d\u00e9faite cons\u00e9cutive dans une comp\u00e9tition o\u00f9 ils affichent un z\u00e9ro point\u00e9, pointant m\u00eame \u00e0 la 36e place&#8230; sur 36.<\/p>\n<p>L&rsquo;an pass\u00e9, \u00e0 ce stade de la comp\u00e9tition, les Aiglons comptaient seulement deux points et on disait, d\u00e9j\u00e0, leur saison europ\u00e9enne rat\u00e9e. Cette saison, c&rsquo;est pire : aux deux d\u00e9faites en tour pr\u00e9liminaire de Ligue des champions contre le Benfica Lisbonne cet \u00e9t\u00e9 (0-2, 0-2), s&rsquo;ajoutent ces cinq\u00a0 \u00e9checs dans la phase de ligue de Ligue Europa.<\/p>\n<p>19 secondes pour tout g\u00e2cher<\/p>\n<p>Cela n&rsquo;exclut pas encore tout \u00e0 fait les Azur\u00e9ens d&rsquo;une possible qualification en barrages, au terme des huit rencontres, mais, englu\u00e9s \u00e0 la derni\u00e8re place, cela ressemble \u00e0 un nouveau chemin de croix. \u00c0\u00a0Porto, non seulement Nice a allong\u00e9 son \u201crecord\u201d \u00e0 17 matches europ\u00e9ens cons\u00e9cutifs sans victoire (depuis celle contre Tiraspol (3-1) en 8e de finale de Ligue Conf\u00e9rence le 16 mars 2023, ndlr), mais en plus les Azur\u00e9ens se sont sabord\u00e9s en un temps \u00e9clair.<\/p>\n<p>Il a en effet fallu moins de 19 seconde pour que Gabriel Veiga ne trompe Yehvann Diouf sur un parfait centre en retrait (1-0, 1re). Une premi\u00e8re pour un club fran\u00e7ais depuis 22 ans ! Le retour aux affaires de Dante n&rsquo;y a donc rien fait. Le capitaine ni\u00e7ois a m\u00eame \u00e9t\u00e9 le protagoniste malheureux du p\u00e9nalty offert \u00e0 Porto par l&rsquo;assistance vid\u00e9o, qui a rappel\u00e9 l&rsquo;arbitre sur un contact entre le Ni\u00e7ois et l&rsquo;attaquant international espagnol, Samu Aghehowa. Ce dernier a pris Diouf \u00e0 contrepied pour sceller le sort de la rencontre (3-0, 61e).<\/p>\n<p class=\"insetTitle\">Franck Haise s&rsquo;est dit pr\u00eat \u00e0 \u00eatre \u00ab\u00a0le fusible\u00a0\u00bb<\/p>\n<p>Suite \u00e0 la nouvelle d\u00e9faite de Nice, \u00e0 Porto (0-3), l&rsquo;entra\u00eeneur Franck Haise a indiqu\u00e9 jeudi avoir propos\u00e9 \u00ab \u00e0 ses dirigeants d&rsquo;\u00eatre l&rsquo;\u00e9lectrochoc \u00bb apr\u00e8s la lourde d\u00e9faite vendredi dernier \u00e0 Marseille (1-5), mais ajout\u00e9 qu&rsquo;ils avaient refus\u00e9.<\/p>\n<p>\u00ab Ce n&rsquo;est semble-t-il, \u00e0 date, pas la solution, a-t-il poursuivi. Donc moi, je me remets au travail avec mes joueurs, mon staff, le club, et je bosse. Et puis si un jour, comme tout entra\u00eeneur, je dois \u00eatre le fusible, je le serai. Si c&rsquo;est pour le bien du club&#8230; Mais \u00e0 partir du moment o\u00f9 on m&rsquo;a dit \u201cnon ce n&rsquo;est pas la solution\u201d, je me bats. Avec nos armes, les miennes. Il en manque certainement. \u00bb<\/p>\n<p>Franck Haise aurait-il propos\u00e9 de d\u00e9missionner ? \u00ab Non, je ne d\u00e9missionnerai jamais \u00bb, a-t-il d&rsquo;abord r\u00e9pondu, avant de pr\u00e9ciser : \u00ab Au moment o\u00f9 vous discutez avec vos dirigeants, vous dites : \u201cSi je dois \u00eatre le fusible pour qu&rsquo;il y ait un \u00e9lectrochoc, je peux l&rsquo;entendre\u201d. J&rsquo;ai ouvert la conversation. Je ne d\u00e9missionnerai pas. Si je d\u00e9missionne, \u00e7a veut dire que je jette l&rsquo;\u00e9ponge et que je laisse mes joueurs. C&rsquo;est juste assumer mes responsabilit\u00e9s. \u00bb<\/p>\n<p>Entre-temps, les joueurs de Francesco Farioli, pr\u00e9d\u00e9cesseur de Franck Haise \u00e0 la t\u00eate des Rouge et Noir et qui a embrass\u00e9 nombre de ses anciens joueurs avant et apr\u00e8s la rencontre, avaient doubl\u00e9 la mise sur un nouveau et superbe but de Veiga (2-0, 33e).<\/p>\n<p>En additionnant Ligue 1 et Ligue Europa, Nice poursuit sa s\u00e9rie de d\u00e9faites cons\u00e9cutives toutes comp\u00e9titions confondues (5).\u00a0\u00c0 la d\u00e9rive d\u00e9fensivement, cette \u00e9quipe ne sait plus marquer et tour \u00e0 tour, Terem Moffi (19e), Sofiane Diop (38e) et Kevin Carlos (70e) ont montr\u00e9 leurs carences. Nice semble, plus que jamais, au bord du gouffre.<\/p>\n","protected":false},"excerpt":{"rendered":"Maccabi Tel Aviv &#8211; Lyon 0-6 L&rsquo;Olympique lyonnais a mis un terme \u00e0 sa s\u00e9rie de cinq matches&hellip;\n","protected":false},"author":2,"featured_media":565480,"comment_status":"","ping_status":"","sticky":false,"template":"","format":"standard","meta":{"footnotes":""},"categories":[2815],"tags":[1111,11,1777,674,107,63,1011,27,811,1307,12,25,517,1947],"class_list":{"0":"post-565479","1":"post","2":"type-post","3":"status-publish","4":"format-standard","5":"has-post-thumbnail","7":"category-lille","8":"tag-actu","9":"tag-actualites","10":"tag-eu","11":"tag-europe","12":"tag-fil-info","13":"tag-football","14":"tag-fr","15":"tag-france","16":"tag-hauts-de-france","17":"tag-lille","18":"tag-news","19":"tag-republique-francaise","20":"tag-sport","21":"tag-sport-national"},"share_on_mastodon":{"url":"https:\/\/pubeurope.com\/@fr\/115629911128680080","error":""},"_links":{"self":[{"href":"https:\/\/www.europesays.com\/fr\/wp-json\/wp\/v2\/posts\/565479","targetHints":{"allow":["GET"]}}],"collection":[{"href":"https:\/\/www.europesays.com\/fr\/wp-json\/wp\/v2\/posts"}],"about":[{"href":"https:\/\/www.europesays.com\/fr\/wp-json\/wp\/v2\/types\/post"}],"author":[{"embeddable":true,"href":"https:\/\/www.europesays.com\/fr\/wp-json\/wp\/v2\/users\/2"}],"replies":[{"embeddable":true,"href":"https:\/\/www.europesays.com\/fr\/wp-json\/wp\/v2\/comments?post=565479"}],"version-history":[{"count":0,"href":"https:\/\/www.europesays.com\/fr\/wp-json\/wp\/v2\/posts\/565479\/revisions"}],"wp:featuredmedia":[{"embeddable":true,"href":"https:\/\/www.europesays.com\/fr\/wp-json\/wp\/v2\/media\/565480"}],"wp:attachment":[{"href":"https:\/\/www.europesays.com\/fr\/wp-json\/wp\/v2\/media?parent=565479"}],"wp:term":[{"taxonomy":"category","embeddable":true,"href":"https:\/\/www.europesays.com\/fr\/wp-json\/wp\/v2\/categories?post=565479"},{"taxonomy":"post_tag","embeddable":true,"href":"https:\/\/www.europesays.com\/fr\/wp-json\/wp\/v2\/tags?post=565479"}],"curies":[{"name":"wp","href":"https:\/\/api.w.org\/{rel}","templated":true}]}}