{"id":565519,"date":"2025-11-28T23:51:18","date_gmt":"2025-11-28T23:51:18","guid":{"rendered":"https:\/\/www.europesays.com\/fr\/565519\/"},"modified":"2025-11-28T23:51:18","modified_gmt":"2025-11-28T23:51:18","slug":"vannes-senvole-on-narrete-plus-valence-romans-et-provence","status":"publish","type":"post","link":"https:\/\/www.europesays.com\/fr\/565519\/","title":{"rendered":"Vannes s&rsquo;envole, on n&rsquo;arr\u00eate plus Valence Romans et Provence"},"content":{"rendered":"<p><strong>Au lendemain de la d\u00e9faite de<br \/>\nColomiers \u00e0 Brive, Vannes n&rsquo;a pas failli, lui, \u00e0 domicile contre<br \/>\nAgen (36-15), ce vendredi lors de la suite de la 12e journ\u00e9e de Pro<br \/>\nD2. Toujours leaders, les Vannetais prennent le large en t\u00eate avec<br \/>\nd\u00e9sormais pour dauphin Valence Romans, de nouveau inarr\u00eatable au<br \/>\nm\u00eame titre que Provence Rugby, 3e avec le m\u00eame nombre de points que<br \/>\nles Dr\u00f4mois.<\/strong><\/p>\n<p>Vannes s\u2019envole aux commandes du classement de Pro D2, Valence<br \/>\nRomans et Provence inarr\u00eatables. Vingt-quatre heures apr\u00e8s que<br \/>\nColomiers a rechut\u00e9, jeudi sur la pelouse de Brive, le leader n\u2019a<br \/>\npas laiss\u00e9 passer l\u2019occasion de s\u2019\u00e9chapper. Oppos\u00e9s \u00e0 Agen dans<br \/>\nleurs stade de la Rabine, o\u00f9 ils sont toujours invaincus cette<br \/>\nsaison, les Bretons, exceptionnellement en rouge et blanc (en<br \/>\nr\u00e9f\u00e9rence aux couleurs de la ville), ont surclass\u00e9 (36-15) un SUA<br \/>\nd\u00e9cid\u00e9ment dans le dur actuellement (troisi\u00e8me d\u00e9faite de suite<br \/>\npour les Agenais, toujours 6es n\u00e9anmoins). Jamais inqui\u00e9t\u00e9 lors de<br \/>\ncette rencontre qu\u2019il avait d\u00e9marr\u00e9 pied au plancher, le RCV,<br \/>\ntoujours aussi redoutable sur les ballons port\u00e9s notamment, s\u2019offre<br \/>\nune sixi\u00e8me victoire bonifi\u00e9e et comptent d\u00e9sormais cinq points<br \/>\nd\u2019avance en t\u00eate.<\/p>\n<p>David Cherry et Micha\u00ebl Ruru, tous deux auteurs d\u2019un doubl\u00e9<br \/>\nvendredi, y sont pour beaucoup. Valence Romans a connu davantage de<br \/>\ndifficult\u00e9 pour venir \u00e0 bout de Nevers (13-3). Les Dr\u00f4mois ont<br \/>\nn\u00e9anmoins assur\u00e9 l\u2019essentiel et encha\u00eenent une troisi\u00e8me victoire<br \/>\nface \u00e0 une \u00e9quipe de l\u2019USON qui n\u2019a plus gagn\u00e9, elle, depuis trois<br \/>\nmatchs. Un temps virtuel co-leader avec Vannes, Valence Romans est<br \/>\nle nouveau dauphin des Vannetais, \u00e0 \u00e9galit\u00e9 toutefois avec Provence<br \/>\nRugby, qui d\u00e9passe \u00e9galement Colomiers et profite de la nouvelle<br \/>\ncontre-performance des Colum\u00e9rins pour retrouver le podium.<\/p>\n<p><strong>La passe de quatre pour<br \/>\nProvence Rugby<\/strong><\/p>\n<p>Comme Valence Romans, les Proven\u00e7aux sont invincibles<br \/>\nactuellement. Vendredi, ils ont poursuivi leur belle s\u00e9rie en<br \/>\nalignant un quatri\u00e8me \u2013 et large \u2013 succ\u00e8s (48-16) face \u00e0<br \/>\nCarcassonne, dernier du classement et qui compte d\u00e9sormais neuf<br \/>\nd\u00e9faites. Les locaux ont souffert en premi\u00e8re mi-temps face \u00e0 la<br \/>\nlanterne rouge. En revanche, apr\u00e8s la pause, la rencontre a tourn\u00e9<br \/>\n\u00e0 la d\u00e9monstration pour Albert Tuisue, auteur de deux essais, et<br \/>\nles nouveaux troisi\u00e8mes du classement.<\/p>\n<p>Grenoble, toujours 9e, a renou\u00e9 avec la victoire face \u00e0 des<br \/>\nBiarrots battus pour la deuxi\u00e8me fois de suite et qui retombent<br \/>\ndans leurs travers. Aurillac, de son c\u00f4t\u00e9, a sign\u00e9 une deuxi\u00e8me<br \/>\nvictoire de suite en l\u2019emportant sur la pelouse de Soyaux<br \/>\nAngoul\u00eame, qui s\u2019\u00e9tait d\u00e9j\u00e0 inclin\u00e9 lors de la journ\u00e9e<br \/>\npr\u00e9c\u00e9dente.<\/p>\n<p>Dax, d\u00e9sormais 13e, et Bastien Daguerre (doubl\u00e9) ont confirm\u00e9<br \/>\nleur retour en forme en s\u2019offrant un troisi\u00e8me succ\u00e8s de rang, en<br \/>\n\u00e9crasant (68-14) \u00e0 domicile des Montois qui restent, eux, d\u00e9sormais<br \/>\nsur trois d\u00e9faites, comme ils l\u2019avaient d\u00e9j\u00e0 fait contre B\u00e9ziers le<br \/>\nmois dernier.<\/p>\n<p><strong>Les r\u00e9sultats de la soir\u00e9e :<\/strong><br \/>Grenoble \u2013 Biarritz : 33-25<br \/>Oyonnax \u2013 B\u00e9ziers : 35-24<br \/>Provence Rugby \u2013 Carcassonne : 48-16<br \/>Soyaux Angoul\u00eame \u2013 Aurillac : 15-20<br \/>Dax \u2013 Mont-de-Marsan : 68-14<br \/>Valence Romans \u2013 Nevers : 13-3<br \/>Vannes \u2013 Agen : 36-15<\/p>\n","protected":false},"excerpt":{"rendered":"Au lendemain de la d\u00e9faite de Colomiers \u00e0 Brive, Vannes n&rsquo;a pas failli, lui, \u00e0 domicile contre Agen&hellip;\n","protected":false},"author":2,"featured_media":565520,"comment_status":"","ping_status":"","sticky":false,"template":"","format":"standard","meta":{"footnotes":""},"categories":[1416],"tags":[1011,27,479,1468,57681,60],"class_list":{"0":"post-565519","1":"post","2":"type-post","3":"status-publish","4":"format-standard","5":"has-post-thumbnail","7":"category-rugby","8":"tag-fr","9":"tag-france","10":"tag-rugby","11":"tag-rugby-football","12":"tag-sport365-fr","13":"tag-sports"},"share_on_mastodon":{"url":"https:\/\/pubeurope.com\/@fr\/115630013516355563","error":""},"_links":{"self":[{"href":"https:\/\/www.europesays.com\/fr\/wp-json\/wp\/v2\/posts\/565519","targetHints":{"allow":["GET"]}}],"collection":[{"href":"https:\/\/www.europesays.com\/fr\/wp-json\/wp\/v2\/posts"}],"about":[{"href":"https:\/\/www.europesays.com\/fr\/wp-json\/wp\/v2\/types\/post"}],"author":[{"embeddable":true,"href":"https:\/\/www.europesays.com\/fr\/wp-json\/wp\/v2\/users\/2"}],"replies":[{"embeddable":true,"href":"https:\/\/www.europesays.com\/fr\/wp-json\/wp\/v2\/comments?post=565519"}],"version-history":[{"count":0,"href":"https:\/\/www.europesays.com\/fr\/wp-json\/wp\/v2\/posts\/565519\/revisions"}],"wp:featuredmedia":[{"embeddable":true,"href":"https:\/\/www.europesays.com\/fr\/wp-json\/wp\/v2\/media\/565520"}],"wp:attachment":[{"href":"https:\/\/www.europesays.com\/fr\/wp-json\/wp\/v2\/media?parent=565519"}],"wp:term":[{"taxonomy":"category","embeddable":true,"href":"https:\/\/www.europesays.com\/fr\/wp-json\/wp\/v2\/categories?post=565519"},{"taxonomy":"post_tag","embeddable":true,"href":"https:\/\/www.europesays.com\/fr\/wp-json\/wp\/v2\/tags?post=565519"}],"curies":[{"name":"wp","href":"https:\/\/api.w.org\/{rel}","templated":true}]}}