{"id":565523,"date":"2025-11-28T23:57:12","date_gmt":"2025-11-28T23:57:12","guid":{"rendered":"https:\/\/www.europesays.com\/fr\/565523\/"},"modified":"2025-11-28T23:57:12","modified_gmt":"2025-11-28T23:57:12","slug":"henry-lawton-ca-membetait-de-marreter-la-dessus-actualite","status":"publish","type":"post","link":"https:\/\/www.europesays.com\/fr\/565523\/","title":{"rendered":"Henry Lawton : \u00ab \u00c7a m&#8217;emb\u00eatait de m&rsquo;arr\u00eater l\u00e0-dessus \u00bb &#8211; Actualit\u00e9"},"content":{"rendered":"<p style=\"text-align: justify;\"><strong>Bien qu\u2019il ait termin\u00e9 2e du Troph\u00e9e des Champions, 5e d\u2019une \u00e9tape de l\u2019Alpes Is\u00e8re Tour (2.2) et 7e d\u2019une \u00e9tape du Kreiz Breizh Elites (2.2),\u00a0<a href=\"https:\/\/www.directvelo.com\/coureur\/27558\/henry-lawton\" target=\"_blank\" rel=\"noopener\">Henry Lawton<\/a> n\u2019aura pas r\u00e9alis\u00e9 la saison 2025 escompt\u00e9e sous les couleurs de Bourg-en-Bresse Ain Cyclisme. Le Britannique, qui va devenir Suisse en cette fin d\u2019ann\u00e9e, a choisi \u00e0 24 ans de donner priorit\u00e9 \u00e0 ses \u00e9tudes. Mais l\u2019ancien coureur de Chamb\u00e9ry CF et de Morbihan Adris Gwendal Oliveux sera toujours sur un v\u00e9lo la saison prochaine. Il est revenu sur son choix pour DirectVelo.<\/strong><\/p>\n<p><strong>DirectVelo : Tu as choisi de ne plus donner priorit\u00e9 au v\u00e9lo en 2026 !<\/strong><br \/>Henry Lawton : J\u2019ai eu un beau parcours au Chamb\u00e9ry CF. Quand je suis arriv\u00e9 l\u00e0-bas, je me disais que j\u2019arr\u00eaterai peut-\u00eatre le v\u00e9lo si je n\u2019avais pas sign\u00e9 chez les professionnels \u00e0 la sortie des Espoirs. Mais j\u2019ai eu la proposition de Morbihan fin 2023. Comme je n\u2019avais connu qu\u2019une \u00e9quipe jusque-l\u00e0, je voulais voir autre chose et au final, j&rsquo;ai vraiment ador\u00e9 cette exp\u00e9rience de courir en Bretagne. C\u2019\u00e9tait excellent. J\u2019ai fait un tr\u00e8s bon d\u00e9but de saison et \u00e7a a \u00e9t\u00e9 un peu moins bon \u00e0 la fin. Ce n\u2019\u00e9tait pas suffisant pour r\u00e9pondre aux attentes des \u00e9quipes int\u00e9ress\u00e9es en d\u00e9but d\u2019ann\u00e9e. Apr\u00e8s l\u2019arr\u00eat de l\u2019\u00e9quipe, je me suis dit que je devais continuer et je suis revenu dans l\u2019est, \u00e0 Bourg-en-Bresse, l\u2019hiver dernier. Mais cette saison ne s&rsquo;est pas d\u00e9roul\u00e9e comme je l\u2019aurais voulu.<\/p>\n<p><strong>Pourquoi ?<\/strong><br \/>J\u2019\u00e9tais vraiment motiv\u00e9 et je me suis peut-\u00eatre un peu surentra\u00een\u00e9. J&rsquo;avais d\u00e9j\u00e0 une grosse fatigue en sortant de l&rsquo;hiver. C\u2019\u00e9tait vraiment l&rsquo;ann\u00e9e ou jamais\u2026 Je me suis mis un peu trop de pression, et j\u2019en ai un peu trop fait. En fin de compte, je fais l\u2019une de mes pires saisons. J\u2019ai quand m\u00eame eu des r\u00e9sultats positifs en Classe 2. Mais sur les courses \u00c9lites, \u00e7a court tellement diff\u00e9remment. Il faut quand m\u00eame du jus et du punch. Je n&rsquo;\u00e9tais peut-\u00eatre pas non plus dans les meilleures dispositions avec une \u00e9quipe qui \u00e9tait vraiment focus sur les grimpeurs. \u00c7a ne m\u2019a pas vraiment mis en confiance. Je n\u2019ai pas eu beaucoup de r\u00e9sultats. \u00c7a m&#8217;emb\u00eatait de m&rsquo;arr\u00eater l\u00e0-dessus alors je vais continuer le v\u00e9lo en parall\u00e8le de mes \u00e9tudes.<\/p>\n<p><strong>DE RETOUR SUR LA PISTE<\/strong><\/p>\n<p><strong>Est-ce simple de mettre le v\u00e9lo au second plan ?<\/strong><br \/>On dit souvent que le v\u00e9lo amateur va mal au niveau financier mais je trouve qu\u2019il y a aussi un probl\u00e8me au niveau des \u201crisques\u201d qu\u2019on prend en tant que coureur. Je ne parle pas que de s\u00e9curit\u00e9. J&rsquo;aurais pu faire un Master \u00e0 mi-temps et continuer le v\u00e9lo amateur \u00e0 haut niveau, mais ce n&rsquo;est pas un sport o\u00f9 on peut faire \u00e7a un peu \u00e0 la cool. Les places sont ch\u00e8res, surtout qu\u2019il y a de moins en moins d\u2019\u00e9quipes. Je ne voyais pas l&rsquo;int\u00e9r\u00eat de faire une saison \u00e0 moiti\u00e9, surtout \u00e0 25 ans. Il faut les financements et c\u2019\u00e9tait compliqu\u00e9 de faire des \u00e9tudes et encore beaucoup de v\u00e9lo. Mais je ne compte pas arr\u00eater totalement.<\/p>\n<p><strong>C&rsquo;est-\u00e0-dire ?<\/strong><br \/>La premi\u00e8re semaine o\u00f9 j&rsquo;ai \u201carr\u00eat\u00e9\u201d dans mon esprit, c&rsquo;est le moment o\u00f9 je me suis le plus entra\u00een\u00e9. La passion et l&rsquo;envie sont encore l\u00e0. Je vais prendre une licence en Suisse pour faire les courses nationales. Il n&rsquo;y en a que six. Je vais courir au VC Lancy, qui a toujours \u00e9t\u00e9 mon club. Je ne peux pas m&rsquo;engager sur un calendrier de 50 jours de course. Je serai enfin Suisse \u00e0 partir de d\u00e9cembre (il y vit depuis 10 ans, NDLR) donc je vais aussi faire le Championnat sur route chez les \u00c9lites, \u00e7a va \u00eatre cool. Je reprends aussi la piste, parce que c&rsquo;est quand m\u00eame mon petit p\u00e9ch\u00e9 mignon. J&rsquo;adore \u00e7a !<\/p>\n<p><strong>Dans quel \u00e9tat d\u2019esprit vas-tu continuer ?<\/strong><br \/>Le but n\u2019est plus de passer pro mais juste de faire du mieux possible et de me faire plaisir. Si les \u00e9tudes le permettent, je ferai quelques courses en France mais ce n\u2019est plus la priorit\u00e9. \u00c7a sera plus simple pendant l\u2019\u00e9t\u00e9, m\u00eame pour m\u2019entra\u00eener. C&rsquo;est pour \u00e7a aussi que la piste, \u00e7a me va bien. \u00c7a demande moins de temps. Sur la route, il faut s\u2019entra\u00eener comme un pro.<\/p>\n<p><strong>\u00ab C\u2019EST SOUVENT MARCHE OU CR\u00c8VE \u00bb<\/strong><\/p>\n<p><strong>Quel regard portes-tu sur ta carri\u00e8re chez les Amateurs ?<\/strong><br \/>Mon p\u00e8re m&rsquo;a demand\u00e9 si je conseillais \u00e0 un jeune de faire ce que j\u2019ai fait. Franchement, oui et non. Ce n\u2019est pas toujours \u00e9vident, c\u2019est souvent marche ou cr\u00e8ve. Mais je n\u2019ai pas de regrets. J&rsquo;ai vraiment appr\u00e9ci\u00e9 ma premi\u00e8re ann\u00e9e chez AG2R. C&rsquo;\u00e9tait excellent. J&rsquo;ai vraiment beaucoup appris, avec un tr\u00e8s bon calendrier de course. Puis je n&rsquo;ai jamais eu un staff aussi passionn\u00e9 que celui de chez Morbihan. Il \u00e9tait investi dans la performance et il y avait un amour pour le v\u00e9lo. J&rsquo;ai vraiment eu beaucoup de chance d&rsquo;\u00eatre dans cette \u00e9quipe avec des passionn\u00e9s. Il y avait une spirale sportive. Je voudrais juste remercier ceux qui m\u2019ont accompagn\u00e9 et ont cru en moi. Je suis hyper reconnaissant des opportunit\u00e9s que j&rsquo;ai pu avoir. Ce n&rsquo;est pas tout le monde qui peut faire partie d&rsquo;une \u00e9quipe comme le CCF, qui \u00e9tait vraiment structur\u00e9, ou de voir autre chose dans une \u00e9quipe de grimpeurs comme Bourg. Tout ce que j\u2019ai appris, je pourrai l\u2019utiliser toute ma vie.<\/p>\n<p><strong>Comment vois-tu ton avenir ?<\/strong><br \/>Je suis en Master en psychologie clinique \u00e0 Gen\u00e8ve. J&rsquo;aimerais vraiment devenir dans le futur psychologue du sport. Franchement, j\u2019ai beaucoup d&#8217;empathie pour les jeunes. Ce n&rsquo;est vraiment pas un milieu qui est facile. Tu te mets beaucoup de pression en passant des Juniors aux Espoirs. Ce n&rsquo;est pas normal de se dire \u00e0 19 ou 20 ans que c\u2019est d\u00e9j\u00e0 fini. J\u2019ai eu la chance de c\u00f4toyer Jonas Geens qui est pass\u00e9 pro \u00e0 25 ans, m\u00eame si j\u2019ai conscience que c\u2019est plut\u00f4t une exception. C&rsquo;est un milieu qui manque encore un peu de garantie. Si tu passes pro, \u00e7a peut se terminer au bout de deux ans. C\u2019est un sport difficile physiquement mais aussi mentalement. Le c\u00f4t\u00e9 mental me passionne \u00e9norm\u00e9ment parce que je connais les difficult\u00e9s et les probl\u00e8mes qu&rsquo;il y a dans ce milieu. Et je pense que \u00e7a s&rsquo;applique \u00e0 beaucoup de sports.<\/p>\n","protected":false},"excerpt":{"rendered":"Bien qu\u2019il ait termin\u00e9 2e du Troph\u00e9e des Champions, 5e d\u2019une \u00e9tape de l\u2019Alpes Is\u00e8re Tour (2.2) et&hellip;\n","protected":false},"author":2,"featured_media":565524,"comment_status":"","ping_status":"","sticky":false,"template":"","format":"standard","meta":{"footnotes":""},"categories":[1411],"tags":[834,828,836,829,837,827,83,826,824,823,1154,207,814,817,815,816,822,821,832,211,839,1011,27,820,818,819,835,831,830,833,838,60,212,208,825],"class_list":{"0":"post-565523","1":"post","2":"type-post","3":"status-publish","4":"format-standard","5":"has-post-thumbnail","7":"category-cyclisme","8":"tag-attaque","9":"tag-belgique","10":"tag-braquet","11":"tag-bretagne","12":"tag-chute","13":"tag-competition","14":"tag-coupe-de-france","15":"tag-coureur","16":"tag-course-cyclisme","17":"tag-course-cycliste","18":"tag-cycling","19":"tag-cyclisme","20":"tag-direct","21":"tag-direct-velo","22":"tag-directvelo","23":"tag-directvelo-com","24":"tag-epreuve","25":"tag-epreuve-cycliste","26":"tag-federation-francaise-de-cyclisme","27":"tag-ffc","28":"tag-flandres","29":"tag-fr","30":"tag-france","31":"tag-live","32":"tag-live-course","33":"tag-live-epreuve","34":"tag-peloton","35":"tag-radio-peloton","36":"tag-radio-tour","37":"tag-ravitaillement","38":"tag-relance","39":"tag-sports","40":"tag-uci","41":"tag-velo","42":"tag-velos"},"share_on_mastodon":{"url":"https:\/\/pubeurope.com\/@fr\/115630037366102692","error":""},"_links":{"self":[{"href":"https:\/\/www.europesays.com\/fr\/wp-json\/wp\/v2\/posts\/565523","targetHints":{"allow":["GET"]}}],"collection":[{"href":"https:\/\/www.europesays.com\/fr\/wp-json\/wp\/v2\/posts"}],"about":[{"href":"https:\/\/www.europesays.com\/fr\/wp-json\/wp\/v2\/types\/post"}],"author":[{"embeddable":true,"href":"https:\/\/www.europesays.com\/fr\/wp-json\/wp\/v2\/users\/2"}],"replies":[{"embeddable":true,"href":"https:\/\/www.europesays.com\/fr\/wp-json\/wp\/v2\/comments?post=565523"}],"version-history":[{"count":0,"href":"https:\/\/www.europesays.com\/fr\/wp-json\/wp\/v2\/posts\/565523\/revisions"}],"wp:featuredmedia":[{"embeddable":true,"href":"https:\/\/www.europesays.com\/fr\/wp-json\/wp\/v2\/media\/565524"}],"wp:attachment":[{"href":"https:\/\/www.europesays.com\/fr\/wp-json\/wp\/v2\/media?parent=565523"}],"wp:term":[{"taxonomy":"category","embeddable":true,"href":"https:\/\/www.europesays.com\/fr\/wp-json\/wp\/v2\/categories?post=565523"},{"taxonomy":"post_tag","embeddable":true,"href":"https:\/\/www.europesays.com\/fr\/wp-json\/wp\/v2\/tags?post=565523"}],"curies":[{"name":"wp","href":"https:\/\/api.w.org\/{rel}","templated":true}]}}