{"id":565529,"date":"2025-11-29T00:00:34","date_gmt":"2025-11-29T00:00:34","guid":{"rendered":"https:\/\/www.europesays.com\/fr\/565529\/"},"modified":"2025-11-29T00:00:34","modified_gmt":"2025-11-29T00:00:34","slug":"le-photographe-marocain-hicham-benohoud-remporte-le-prix-du-photobook-de-lannee","status":"publish","type":"post","link":"https:\/\/www.europesays.com\/fr\/565529\/","title":{"rendered":"Le photographe marocain Hicham Benohoud remporte le prix du PhotoBook de l&rsquo;ann\u00e9e"},"content":{"rendered":"<p>L&rsquo;artiste visuel marocain Hicham Benohoud a remport\u00e9 le prestigieux prix du \u00abPhotoBook of the Year\u00bb lors de Paris Photo 2025, le plus grand salon mondial d\u00e9di\u00e9 \u00e0 la photographie, gr\u00e2ce \u00e0 son ouvrage The Classroom, <a href=\"https:\/\/en.yabiladi.com\/articles\/details\/162121\/hicham-benohoud-s-classroom-captures-moroccan.html\" target=\"_blank\" rel=\"noopener\">publi\u00e9 par Loose Joints<\/a>. Ce prix, souvent compar\u00e9 aux \u00abOscars des livres de photographie\u00bb, a \u00e9t\u00e9 d\u00e9cern\u00e9 lors de la 28e \u00e9dition de l&rsquo;\u00e9v\u00e9nement.<\/p>\n<p>The Classroom pr\u00e9sente une s\u00e9rie captivante de photographies en noir et blanc r\u00e9alis\u00e9es par Benohoud entre 1994 et 2002, p\u00e9riode durant laquelle il enseignait l&rsquo;art dans un lyc\u00e9e de Marrakech. Ses \u00e9l\u00e8ves ont servi de mod\u00e8les, posant dans des sc\u00e8nes surr\u00e9alistes et minutieusement orchestr\u00e9es par l&rsquo;artiste, qui cherchait \u00e0 rompre la monotonie des cours quotidiens.<\/p>\n<p>\u00abJ&rsquo;ai pris des photos parce que je m&rsquo;ennuyais en classe&#8230; Je voulais m&rsquo;occuper\u00bb, a-t-il confi\u00e9 \u00e0 <a href=\"https:\/\/www.rfi.fr\/en\/culture\/20251123-hicham-benohoud-the-classroom-awarded-photobook-of-the-year-morocco\" target=\"_blank\" rel=\"noopener\">RFI<\/a>, ajoutant que la profondeur artistique de son travail ne s&rsquo;est r\u00e9v\u00e9l\u00e9e que plus tard.<\/p>\n<p>\u00c2g\u00e9 de 57 ans, Benohoud est dipl\u00f4m\u00e9 de l&rsquo;\u00c9cole Sup\u00e9rieure des Arts D\u00e9coratifs de Strasbourg. Pour la r\u00e9alisation de son livre, il a laiss\u00e9 \u00e0 l&rsquo;\u00e9diteur le soin de l&rsquo;\u00e9dition et de la mise en page, en fournissant plus de 2 000 n\u00e9gatifs. Il a d\u00e9di\u00e9 ce prix \u00e0 Christian Caujolle, qui avait organis\u00e9 la premi\u00e8re exposition internationale de The Classroom en 2001.<\/p>\n<p>Ce prix salue non seulement la qualit\u00e9 artistique de l&rsquo;ouvrage, mais aussi sa r\u00e9flexion profonde sur la soci\u00e9t\u00e9 marocaine. \u00ab\u00c0 travers ces photos, je parle du Maroc tel que je le vois\u00bb, a expliqu\u00e9 Benohoud. Dans The Classroom, il critique l&rsquo;incapacit\u00e9 du syst\u00e8me \u00e9ducatif \u00e0 offrir une v\u00e9ritable libert\u00e9 aux jeunes.<\/p>\n","protected":false},"excerpt":{"rendered":"L&rsquo;artiste visuel marocain Hicham Benohoud a remport\u00e9 le prestigieux prix du \u00abPhotoBook of the Year\u00bb lors de Paris&hellip;\n","protected":false},"author":2,"featured_media":565530,"comment_status":"","ping_status":"","sticky":false,"template":"","format":"standard","meta":{"footnotes":""},"categories":[1358],"tags":[1348,1384,1385,1386,58,59,1011,27],"class_list":{"0":"post-565529","1":"post","2":"type-post","3":"status-publish","4":"format-standard","5":"has-post-thumbnail","7":"category-arts-et-design","8":"tag-arts","9":"tag-arts-and-design","10":"tag-arts-et-design","11":"tag-design","12":"tag-divertissement","13":"tag-entertainment","14":"tag-fr","15":"tag-france"},"share_on_mastodon":{"url":"","error":""},"_links":{"self":[{"href":"https:\/\/www.europesays.com\/fr\/wp-json\/wp\/v2\/posts\/565529","targetHints":{"allow":["GET"]}}],"collection":[{"href":"https:\/\/www.europesays.com\/fr\/wp-json\/wp\/v2\/posts"}],"about":[{"href":"https:\/\/www.europesays.com\/fr\/wp-json\/wp\/v2\/types\/post"}],"author":[{"embeddable":true,"href":"https:\/\/www.europesays.com\/fr\/wp-json\/wp\/v2\/users\/2"}],"replies":[{"embeddable":true,"href":"https:\/\/www.europesays.com\/fr\/wp-json\/wp\/v2\/comments?post=565529"}],"version-history":[{"count":0,"href":"https:\/\/www.europesays.com\/fr\/wp-json\/wp\/v2\/posts\/565529\/revisions"}],"wp:featuredmedia":[{"embeddable":true,"href":"https:\/\/www.europesays.com\/fr\/wp-json\/wp\/v2\/media\/565530"}],"wp:attachment":[{"href":"https:\/\/www.europesays.com\/fr\/wp-json\/wp\/v2\/media?parent=565529"}],"wp:term":[{"taxonomy":"category","embeddable":true,"href":"https:\/\/www.europesays.com\/fr\/wp-json\/wp\/v2\/categories?post=565529"},{"taxonomy":"post_tag","embeddable":true,"href":"https:\/\/www.europesays.com\/fr\/wp-json\/wp\/v2\/tags?post=565529"}],"curies":[{"name":"wp","href":"https:\/\/api.w.org\/{rel}","templated":true}]}}