{"id":565533,"date":"2025-11-29T00:04:12","date_gmt":"2025-11-29T00:04:12","guid":{"rendered":"https:\/\/www.europesays.com\/fr\/565533\/"},"modified":"2025-11-29T00:04:12","modified_gmt":"2025-11-29T00:04:12","slug":"helene-rolles-decoit-ses-fans-elle-annule-un-concert-et-refuse-de-le-reporter","status":"publish","type":"post","link":"https:\/\/www.europesays.com\/fr\/565533\/","title":{"rendered":"H\u00e9l\u00e8ne Roll\u00e8s d\u00e9\u00e7oit ses fans : elle annule un concert et refuse de le reporter"},"content":{"rendered":"<p>      R\u00e9sum\u00e9<\/p>\n<p>H\u00e9l\u00e8ne Roll\u00e8s annule \u00e0 la derni\u00e8re minute un concert pr\u00e9vu \u00e0 Mons, refusant de le reporter, suscitant d\u00e9ception et interrogations parmi ses fans.<\/p>\n<p>        Sommaire<\/p>\n<p>Alors que la s\u00e9rie Les myst\u00e8res de l&rsquo;amour <a href=\"https:\/\/vsd.fr\/90664-personne-na-envie-helene-rolles-et-ses-camarades-sous-le-choc-apres-larret-de-la-serie-culte-les-mysteres-de-lamour\/\" target=\"_blank\" rel=\"noopener\">s&rsquo;appr\u00eate \u00e0 prendre fin sur TMC<\/a> apr\u00e8s quinze ans de bons et loyaux services, H\u00e9l\u00e8ne Roll\u00e8s, elle, ne ch\u00f4me pas pour autant. La chanteuse continue de <strong>faire le tour de l&rsquo;Europe et de l&rsquo;Asie<\/strong> gr\u00e2ce \u00e0 un nouvel album sorti il y a quelques semaines. Dans ce dernier, l&rsquo;ic\u00f4ne des ann\u00e9es 80-90 revisite ses plus grands succ\u00e8s, et propose <strong>deux titres in\u00e9dits<\/strong>, dont un en chinois.<\/p>\n<p>Malheureusement, les fans belges d&rsquo;H\u00e9l\u00e8ne Roll\u00e8s vivent une triste d\u00e9sillusion. Ce dimanche, la chanteuse, <a href=\"https:\/\/www.public.fr\/helene-rolles-le-majeur-en-lair-la-photo-qui-surprend-a-loccasion-dun-enorme-coup-de-gueule\" target=\"_blank\" rel=\"noopener\">qui f\u00eatera ses 59 ans dans moins d&rsquo;un mois<\/a>, \u00e9tait attendue au Th\u00e9\u00e2tre Royal de Mons. Mais il n&rsquo;en sera rien\u2026 Sur Instagram, <strong>l&rsquo;amie de Patrick Puydebat et Jean-Luc Azoulay<\/strong> assure \u00eatre \u00ab\u00a0souffrante\u00a0\u00bb. De fait, le concert est annul\u00e9. Mais gare \u00e0 ceux qui pensent qu&rsquo;il est report\u00e9&#8230;<\/p>\n<p>H\u00e9l\u00e8ne Roll\u00e8s face \u00e0 une salle presque vide ?<\/p>\n<p>Sur Facebook, <strong>le Th\u00e9\u00e2tre Royal du Mons<\/strong> ne masque pas sa d\u00e9ception. Les organisateurs invitent les fans \u00e0 se faire rembourser leur billet, car celui-ci ne pourra pas \u00eatre r\u00e9utilis\u00e9. H\u00e9l\u00e8ne Roll\u00e8s a tout simplement d\u00e9command\u00e9 sa venue, et <strong>son d\u00e9sistement de derni\u00e8re minute agace tout le monde<\/strong>\u2026 La maladie aurait-elle bon dos ?<\/p>\n<p>\u00ab\u00a0<strong>La chanteuse H\u00e9l\u00e8ne \u00e9tant souffrante<\/strong>, le spectacle de ce dimanche 30\/11\/25 est annul\u00e9 et ne sera pas report\u00e9. Les personnes ayant achet\u00e9 un billet peuvent se faire rembourser aupr\u00e8s de leur point de vente\u00a0\u00bb \u00e9crit ainsi la salle sur Facebook. De quoi provoquer nombre de col\u00e8res chez les fans : \u00ab\u00a0C\u2019est une blague !!!\u00a0\u00bb, \u00ab\u00a0Je suis tellement triste, j\u2019attendais ce concert depuis l\u2019\u00e2ge de 15 ans\u00a0\u00bb, \u00ab\u00a0Tr\u00e8s triste d\u2019apprendre cette nouvelle \u00e0 3 jours de l\u2019\u00e9v\u00e9nement\u00a0\u00bb, \u00ab\u00a0D\u00e9go\u00fbt\u00e9e\u00a0\u00bb\u2026<\/p>\n<p>H\u00e9l\u00e8ne Roll\u00e8s est-elle vraiment malade ? Certains fans ont remarqu\u00e9 que la salle du Th\u00e9\u00e2tre Royal \u00e9tait <strong>encore bien vide \u00e0 l&rsquo;approche de la date butoir<\/strong>. La chanteuse aurait-elle finalement annul\u00e9 sa venue faute de places suffisamment achet\u00e9es ? Difficile de le savoir&#8230;<\/p>\n<p>\n          Hits &amp; People en continu\n        <\/p>\n<p>\n          Public Radio\n        <\/p>\n<p>      Mentionn\u00e9s dans cet article<\/p>\n<p>      Sur le m\u00eame sujet<\/p>\n","protected":false},"excerpt":{"rendered":"R\u00e9sum\u00e9 H\u00e9l\u00e8ne Roll\u00e8s annule \u00e0 la derni\u00e8re minute un concert pr\u00e9vu \u00e0 Mons, refusant de le reporter, suscitant&hellip;\n","protected":false},"author":2,"featured_media":565534,"comment_status":"","ping_status":"","sticky":false,"template":"","format":"standard","meta":{"footnotes":""},"categories":[1355],"tags":[1697,58,59,1011,27,35523,38060,1361,873],"class_list":{"0":"post-565533","1":"post","2":"type-post","3":"status-publish","4":"format-standard","5":"has-post-thumbnail","7":"category-musique","8":"tag-concert","9":"tag-divertissement","10":"tag-entertainment","11":"tag-fr","12":"tag-france","13":"tag-helene-rolles","14":"tag-les-mysteres-de-lamour","15":"tag-music","16":"tag-musique"},"share_on_mastodon":{"url":"https:\/\/pubeurope.com\/@fr\/115630064539496836","error":""},"_links":{"self":[{"href":"https:\/\/www.europesays.com\/fr\/wp-json\/wp\/v2\/posts\/565533","targetHints":{"allow":["GET"]}}],"collection":[{"href":"https:\/\/www.europesays.com\/fr\/wp-json\/wp\/v2\/posts"}],"about":[{"href":"https:\/\/www.europesays.com\/fr\/wp-json\/wp\/v2\/types\/post"}],"author":[{"embeddable":true,"href":"https:\/\/www.europesays.com\/fr\/wp-json\/wp\/v2\/users\/2"}],"replies":[{"embeddable":true,"href":"https:\/\/www.europesays.com\/fr\/wp-json\/wp\/v2\/comments?post=565533"}],"version-history":[{"count":0,"href":"https:\/\/www.europesays.com\/fr\/wp-json\/wp\/v2\/posts\/565533\/revisions"}],"wp:featuredmedia":[{"embeddable":true,"href":"https:\/\/www.europesays.com\/fr\/wp-json\/wp\/v2\/media\/565534"}],"wp:attachment":[{"href":"https:\/\/www.europesays.com\/fr\/wp-json\/wp\/v2\/media?parent=565533"}],"wp:term":[{"taxonomy":"category","embeddable":true,"href":"https:\/\/www.europesays.com\/fr\/wp-json\/wp\/v2\/categories?post=565533"},{"taxonomy":"post_tag","embeddable":true,"href":"https:\/\/www.europesays.com\/fr\/wp-json\/wp\/v2\/tags?post=565533"}],"curies":[{"name":"wp","href":"https:\/\/api.w.org\/{rel}","templated":true}]}}