{"id":565541,"date":"2025-11-29T00:08:14","date_gmt":"2025-11-29T00:08:14","guid":{"rendered":"https:\/\/www.europesays.com\/fr\/565541\/"},"modified":"2025-11-29T00:08:14","modified_gmt":"2025-11-29T00:08:14","slug":"le-classement-et-les-notes-de-la-6e-semaine","status":"publish","type":"post","link":"https:\/\/www.europesays.com\/fr\/565541\/","title":{"rendered":"Le classement et les notes de la 6e semaine"},"content":{"rendered":"<p>La semaine des destins li\u00e9s a rebattu les cartes du classement de la <a href=\"https:\/\/www.20minutes.fr\/dossier\/star_academy\" class=\"c-link c-link--is-underlined\" target=\"_blank\" rel=\"noopener\">Star Academy 2025<\/a>. Apr\u00e8s avoir squatt\u00e9 les premi\u00e8res places, Jeanne se retrouve nomm\u00e9e avec L\u00e9o, suite \u00e0 une \u00e9valuation comprenant \u00ab\u00a0trop de fausset\u00e9s\u00a0\u00bb selon les professeurs. Il en va de m\u00eame pour le duo compos\u00e9 de Lily et Th\u00e9o L., qui a chut\u00e9 lors de l\u2019\u00e9valuation de danse.<\/p>\n<p>Anouk et Th\u00e9o P. terminent premiers cette semaine gr\u00e2ce \u00e0 leur interpr\u00e9tation d\u2019Un Homme Heureux de William Sheller. Les professeurs ont r\u00e9compens\u00e9 leur \u00ab\u00a0connexion artistique\u00a0\u00bb. Ils sont suivis d\u2019Ambre et Sarah, auteures d\u2019une \u00ab\u00a0excellente \u00e9valuation\u00a0\u00bb m\u00eame si elles \u00e9taient immunis\u00e9es. L\u00e9a et Victor compl\u00e8tent le podium avec \u00ab\u00a0deux grandes voix au service de la puissance.<\/p>\n<p class=\"mb-m@xs text-l@xs\">En cliquant sur\u00ab J\u2019accepte \u00bb, vous acceptez le d\u00e9p\u00f4t de cookies par des services externes et aurez ainsi acc\u00e8s aux contenus de nos partenaires.<\/p>\n<p class=\"mb-xl@xs text-s@xs\">Plus d\u2019informations sur la page<a href=\"https:\/\/www.20minutes.fr\/gestion-cookies\" class=\"mx-xxs@xs color-ultramarine\" target=\"_blank\" rel=\"noopener\">Politique de gestion des cookies<\/a><\/p>\n<p>J\u2019accepteLe classement et les notes de la 6e semaine de la Star Academy 2025<\/p>\n<ol>\n<li>Anouk et Th\u00e9o P., 16,6\/20<\/li>\n<li>Ambre et Sarah, ?<\/li>\n<li>L\u00e9a et Victor, 15,4\/20<\/li>\n<li>Lily et Th\u00e9o L. ?<\/li>\n<li>Jeanne et L\u00e9o, 13,1\/20<\/li>\n<\/ol>\n<p>Les notes compl\u00e8tes seront d\u00e9voil\u00e9es samedi lors du prime time sur <a href=\"https:\/\/www.20minutes.fr\/dossier\/tf1\" class=\"c-link c-link--is-underlined\" target=\"_blank\" rel=\"noopener\">TF1<\/a>, pr\u00e9sent\u00e9 par <a href=\"https:\/\/www.20minutes.fr\/dossier\/nikos_aliagas\" class=\"c-link c-link--is-underlined\" target=\"_blank\" rel=\"noopener\">Nikos Aliagas<\/a>.<\/p>\n","protected":false},"excerpt":{"rendered":"La semaine des destins li\u00e9s a rebattu les cartes du classement de la Star Academy 2025. Apr\u00e8s avoir&hellip;\n","protected":false},"author":2,"featured_media":565542,"comment_status":"","ping_status":"","sticky":false,"template":"","format":"standard","meta":{"footnotes":""},"categories":[8],"tags":[58,59,1011,27,10827,5095,252,199],"class_list":{"0":"post-565541","1":"post","2":"type-post","3":"status-publish","4":"format-standard","5":"has-post-thumbnail","7":"category-divertissement","8":"tag-divertissement","9":"tag-entertainment","10":"tag-fr","11":"tag-france","12":"tag-nikos-aliagas","13":"tag-star-academy","14":"tag-television","15":"tag-tf1"},"share_on_mastodon":{"url":"https:\/\/pubeurope.com\/@fr\/115630080312447846","error":""},"_links":{"self":[{"href":"https:\/\/www.europesays.com\/fr\/wp-json\/wp\/v2\/posts\/565541","targetHints":{"allow":["GET"]}}],"collection":[{"href":"https:\/\/www.europesays.com\/fr\/wp-json\/wp\/v2\/posts"}],"about":[{"href":"https:\/\/www.europesays.com\/fr\/wp-json\/wp\/v2\/types\/post"}],"author":[{"embeddable":true,"href":"https:\/\/www.europesays.com\/fr\/wp-json\/wp\/v2\/users\/2"}],"replies":[{"embeddable":true,"href":"https:\/\/www.europesays.com\/fr\/wp-json\/wp\/v2\/comments?post=565541"}],"version-history":[{"count":0,"href":"https:\/\/www.europesays.com\/fr\/wp-json\/wp\/v2\/posts\/565541\/revisions"}],"wp:featuredmedia":[{"embeddable":true,"href":"https:\/\/www.europesays.com\/fr\/wp-json\/wp\/v2\/media\/565542"}],"wp:attachment":[{"href":"https:\/\/www.europesays.com\/fr\/wp-json\/wp\/v2\/media?parent=565541"}],"wp:term":[{"taxonomy":"category","embeddable":true,"href":"https:\/\/www.europesays.com\/fr\/wp-json\/wp\/v2\/categories?post=565541"},{"taxonomy":"post_tag","embeddable":true,"href":"https:\/\/www.europesays.com\/fr\/wp-json\/wp\/v2\/tags?post=565541"}],"curies":[{"name":"wp","href":"https:\/\/api.w.org\/{rel}","templated":true}]}}