{"id":565543,"date":"2025-11-29T00:09:15","date_gmt":"2025-11-29T00:09:15","guid":{"rendered":"https:\/\/www.europesays.com\/fr\/565543\/"},"modified":"2025-11-29T00:09:15","modified_gmt":"2025-11-29T00:09:15","slug":"les-francais-profitent-de-ces-bonnes-affaires-pour-faire-des-stocks-et-cest-assez-nouveau-estime-le-directeur-general-damazon-france","status":"publish","type":"post","link":"https:\/\/www.europesays.com\/fr\/565543\/","title":{"rendered":"\u00ab\u00a0Les Fran\u00e7ais profitent de ces bonnes affaires pour faire des stocks\u00a0\u00bb et \u00ab\u00a0c&rsquo;est assez nouveau\u00a0\u00bb, estime le directeur g\u00e9n\u00e9ral d\u2019Amazon France"},"content":{"rendered":"\n<p class=\"c-chapo \">\n  Cette p\u00e9riode voit une intensification des commandes, notamment en vue des cadeaux de No\u00ebl, mais ce sont surtout les produits du quotidien qui sont tr\u00e8s pris\u00e9s.\n<\/p>\n<p>      lire plus tard<\/p>\n<p id=\"dialog__title\" class=\"dialog__title\">Pour sauvegarder cet article, connectez-vous ou cr\u00e9ez un compte franceinfo<\/p>\n<p class=\"dialog__description\">Sans paiement. Sans abonnement.<\/p>\n<p>        Fermer la fen\u00eatre d\u2019activation des notifications France Info<\/p>\n<p>      cr\u00e9er votre compte<\/p>\n<p>      se connecter<\/p>\n<p>        Fermer la fen\u00eatre de pr\u00e9sentation<\/p>\n<p>    <img loading=\"lazy\" decoding=\"async\" class=\"signature__image lazyload\" width=\"100\" height=\"100\" data- alt=\"\" src=\"https:\/\/www.europesays.com\/fr\/wp-content\/uploads\/2025\/05\/64a7df4c5fe71_placeholder-36b69ec8.png\"\/><\/p>\n<p>    Publi\u00e9 le 28\/11\/2025 21:35<\/p>\n<p>        Temps de lecture : 1min<\/p>\n<p>    <img decoding=\"async\"  alt=\"Un entrep\u00f4t de l'entreprise Amazon \u00e0 Augny (Moselle), le 23 septembre 2021. (SEBASTIEN BOZON \/ AFP)\" width=\"432\" height=\"243\" src=\"https:\/\/www.europesays.com\/fr\/wp-content\/uploads\/2025\/11\/000-9nd7j9-6640dafd3a1c2940152417.jpg\" fetchpriority=\"high\"\/><\/p>\n<p>      Un entrep\u00f4t de l&rsquo;entreprise Amazon \u00e0 Augny (Moselle), le 23 septembre 2021. (SEBASTIEN BOZON \/ AFP)<\/p>\n<p>\u00ab\u00a0Les Fran\u00e7ais profitent de ces bonnes affaires pour faire des stocks\u00a0\u00bb, estime vendredi sur franceinfo Fr\u00e9d\u00e9ric Duval, directeur g\u00e9n\u00e9ral d\u2019Amazon France \u00e0 l\u2019occasion du Black Friday, qui d\u00e9bute officiellement vendredi. Les produits du quotidien, \u00ab\u00a0des couches, du caf\u00e9, de l\u2019alimentation, du d\u00e9tergent\u00a0\u00bb, d\u00e9taille-t-il, sont les produits les plus achet\u00e9s par les clients de la plateforme am\u00e9ricaine en cette p\u00e9riode d&rsquo;op\u00e9rations promotionnelles, devant l&rsquo;\u00e9lectrom\u00e9nager, la t\u00e9l\u00e9phonie et les jouets. \u00ab\u00a0C\u2019est assez nouveau\u00a0\u00bb, reconnait le DG d&rsquo;Amazon France.<\/p>\n<p>\u00ab\u00a0Les Fran\u00e7ais profitent des bonnes affaires pour stocker un peu plus de produits et pour que \u00e7a leur revienne moins cher dans leur quotidien. On voit \u00e0 cette p\u00e9riode-l\u00e0 une intensification des commandes\u00a0\u00bb, poursuit Fr\u00e9d\u00e9ric Duval.<\/p>\n<p>En deuxi\u00e8me position des produits achet\u00e9s par ses clients pendant le Black Friday, viennent les \u00e9quipements classiques : \u00ab\u00a0Tout ce qui est t\u00e9l\u00e9phonie et \u00e9lectrom\u00e9nager\u00a0\u00bb, pr\u00e9cise le DG d\u2019Amazon France. En troisi\u00e8me position : les jouets, puisque \u00ab\u00a0les Fran\u00e7ais anticipent les cadeaux de No\u00ebl\u00a0\u00bb, conclut-il.<\/p>\n","protected":false},"excerpt":{"rendered":"Cette p\u00e9riode voit une intensification des commandes, notamment en vue des cadeaux de No\u00ebl, mais ce sont surtout&hellip;\n","protected":false},"author":2,"featured_media":565544,"comment_status":"","ping_status":"","sticky":false,"template":"","format":"standard","meta":{"footnotes":""},"categories":[7],"tags":[1011,27,43,40,41,39,42,44],"class_list":{"0":"post-565543","1":"post","2":"type-post","3":"status-publish","4":"format-standard","5":"has-post-thumbnail","7":"category-sciences-et-technologies","8":"tag-fr","9":"tag-france","10":"tag-science","11":"tag-science-and-technology","12":"tag-sciences","13":"tag-sciences-et-technologies","14":"tag-technologies","15":"tag-technology"},"share_on_mastodon":{"url":"https:\/\/pubeurope.com\/@fr\/115630085172538903","error":""},"_links":{"self":[{"href":"https:\/\/www.europesays.com\/fr\/wp-json\/wp\/v2\/posts\/565543","targetHints":{"allow":["GET"]}}],"collection":[{"href":"https:\/\/www.europesays.com\/fr\/wp-json\/wp\/v2\/posts"}],"about":[{"href":"https:\/\/www.europesays.com\/fr\/wp-json\/wp\/v2\/types\/post"}],"author":[{"embeddable":true,"href":"https:\/\/www.europesays.com\/fr\/wp-json\/wp\/v2\/users\/2"}],"replies":[{"embeddable":true,"href":"https:\/\/www.europesays.com\/fr\/wp-json\/wp\/v2\/comments?post=565543"}],"version-history":[{"count":0,"href":"https:\/\/www.europesays.com\/fr\/wp-json\/wp\/v2\/posts\/565543\/revisions"}],"wp:featuredmedia":[{"embeddable":true,"href":"https:\/\/www.europesays.com\/fr\/wp-json\/wp\/v2\/media\/565544"}],"wp:attachment":[{"href":"https:\/\/www.europesays.com\/fr\/wp-json\/wp\/v2\/media?parent=565543"}],"wp:term":[{"taxonomy":"category","embeddable":true,"href":"https:\/\/www.europesays.com\/fr\/wp-json\/wp\/v2\/categories?post=565543"},{"taxonomy":"post_tag","embeddable":true,"href":"https:\/\/www.europesays.com\/fr\/wp-json\/wp\/v2\/tags?post=565543"}],"curies":[{"name":"wp","href":"https:\/\/api.w.org\/{rel}","templated":true}]}}