{"id":565547,"date":"2025-11-29T00:11:08","date_gmt":"2025-11-29T00:11:08","guid":{"rendered":"https:\/\/www.europesays.com\/fr\/565547\/"},"modified":"2025-11-29T00:11:08","modified_gmt":"2025-11-29T00:11:08","slug":"etats-unis-condamne-a-45-ans-de-prison-pour-trafic-de-drogue-lex-president-du-honduras-va-etre-gracie-par-donald-trump-le-figaro","status":"publish","type":"post","link":"https:\/\/www.europesays.com\/fr\/565547\/","title":{"rendered":"\u00c9tats-Unis : condamn\u00e9 \u00e0 45 ans de prison pour trafic de drogue, l\u2019ex-pr\u00e9sident du Honduras va \u00eatre graci\u00e9 par Donald Trump &#8211; Le Figaro"},"content":{"rendered":"<ol>\n<li><a href=\"https:\/\/news.google.com\/rss\/articles\/CBMi-gFBVV95cUxQUHZGUkRFZG1aNThXTFZFVnN5UUxadlBFUXVRbG5sU3JnYjNfeGdWYWwtMko3bnFjMEhuM1NEQlhoazdPMVlnaWxmOEM1WW0wbHVMVXYwY0pXMkhZNk13bnZ3NU5vSkwzOWEyVDNVTGJJNURFbkVSbnNSQmhpTjdTVTl4UF91RnRseWUyWHQtcDB0dmRvWTFaQ3VkYmNPb1gxbGh1MDFDNFV1MGdudVViMUVYUmVXWFU5NEl1Y1VkX1NDWHV1a3NTT3MzODc5V0I4bjIwazFhTDJtbjVJV3pJS0NDckRQb1d1ZnNVNlBTdlBTVFJ5SXlCX2VB?oc=5\" target=\"_blank\" rel=\"noopener\">\u00c9tats-Unis : condamn\u00e9 \u00e0 45 ans de prison pour trafic de drogue, l\u2019ex-pr\u00e9sident du Honduras va \u00eatre graci\u00e9 par Donald Trump<\/a>&nbsp;&nbsp;Le Figaro<\/li>\n<li><a href=\"https:\/\/news.google.com\/rss\/articles\/CBMinwJBVV95cUxPTzhKZDlFN0Qya1Z6QlNhZGh2Vjl0NzBkR0VHbUlTdFpzR093bkI2UWx6b2tHNkR2eVJ5ejkyMUVsamtfeDhVZ2xrMWNXcXJ2SHEwTGVlVHVzVnBNRS1LU0NmVUFPY1ZRQkFMcVdFR0Zlb0RlS0hKaDRvY2RhVkc4bEdCMnBIVV9NMUlyNnBSYlRLQmJfMEY2ZWN2RThoU1AtcEZhUjVaRk1RNEhNUGRDOUVpTnl2NVhDVDVfeGVMTzZYWE5aeVYzaTFzYXRDal9NOVhpWHp0V1NfZEFfRjJKM1NISmFCYm85Z25xMTRFeW5hMnNGYkVmTmNyWXE3cmc2RHZoQS1kS0ticGZmeGd5Y3VBZ0x6Mnc4NFJYQXdJRQ?oc=5\" target=\"_blank\" rel=\"noopener\">Honduras : Donald Trump intervient dans l\u2019\u00e9lection pr\u00e9sidentielle et appelle \u00e0 voter pour le candidat de droite, Nasry Asfura<\/a>&nbsp;&nbsp;Le Monde.fr<\/li>\n<li><a href=\"https:\/\/news.google.com\/rss\/articles\/CBMi2wFBVV95cUxPYXk0WVBVRjVOX1M4NTdzOXNNS1pjYjlCZXNCRzZqd2lGYUpmQ1Y5Sy1lUndpTVNBdWNmb0tjajhRakdSWldMa3I3UUJrdFhnbjBOU2c0eFR1cFMzYUVlVjhRUGhwVlFFVC0xb1R3TlYzMUdvSjVTV1ZpT2lUTjNIMDZTTzg5UWNFc0Myc0lmQjR5RjlmWENIclptTWNCaGpsZHJfOWdjXzBaWkY5TV9HYVVjejF3RzNNOEsxT2sxS0RULTBnX0pOSmlNX3dNYjJtbHVTcFpqXy1oTTg?oc=5\" target=\"_blank\" rel=\"noopener\">Pr\u00e9sidentielle au Honduras: \u00ab\u00a0survivre\u00a0\u00bb \u00e0 la pauvret\u00e9 et la violence<\/a>&nbsp;&nbsp;Courrier international<\/li>\n<li><a href=\"https:\/\/news.google.com\/rss\/articles\/CBMi6gFBVV95cUxQWFE5R19sT0N5bmp3a21kcFNUakNxaUcyNUczdERzU3dZNUdkSlVLcVAtWlR2QkVTOC1rdndkVXBBa1E0LVZRaW5pdW8wZVQ0NUNvVGQ3NldkOTFKVmhXaUQ4VjdmMDJKZ1NoRjhYZFhLRHhGSWhEU0RTNkFfZUZrSGVuWEl5LXpmTm10Q09GUnkzUzFqNGx6UjNnQ2RQeEpZWEFtYm1IaDdDYm1XQTAxTkQxQ0hqLWRKS3lGVnVYcXNhcFB5d01ZajFlSlBuMUE4dkRMbFE2RmVacDhJNDljQk1wRUJGTzlrZXc?oc=5\" target=\"_blank\" rel=\"noopener\">Emprisonn\u00e9 pour trafic de drogue | Trump annonce qu\u2019il va gracier l\u2019ex-pr\u00e9sident du Honduras<\/a>&nbsp;&nbsp;La Presse<\/li>\n<li><a href=\"https:\/\/news.google.com\/rss\/articles\/CBMi4AFBVV95cUxOdzRLallMb2V0VEd5SlhEdGlLNXlyQnBJUU8yLUlMemMwVzZTWERQaV9EQTBWa2NMR2Z6cUxxWmdLa201QUdsandkckdLd1UtN0RCMFBtTTZWZUFJejBJSGcyNDVtbks4RW1wQlFYWW13STB2dExnNjNRZHd2X284WktqZ0JrQ2hydFA5Q0RMbVFmZFI1LXdOTlFVdVNqbkFPcF9FdW1EeldCM0N5NmhYQWsxdHJmRzRDYXlXQnAzZnNYSGh5ZGZBbTF2T3JxSWVGY2JuUFU4V3hpWHZGa2w0bQ?oc=5\" target=\"_blank\" rel=\"noopener\">Comment Donald Trump s\u2019ing\u00e8re dans l\u2019\u00e9lection pr\u00e9sidentielle du Honduras<\/a>&nbsp;&nbsp;Ouest-France<\/li>\n<\/ol>\n","protected":false},"excerpt":{"rendered":"\u00c9tats-Unis : condamn\u00e9 \u00e0 45 ans de prison pour trafic de drogue, l\u2019ex-pr\u00e9sident du Honduras va \u00eatre graci\u00e9&hellip;\n","protected":false},"author":2,"featured_media":395849,"comment_status":"","ping_status":"","sticky":false,"template":"","format":"standard","meta":{"footnotes":""},"categories":[5],"tags":[11,1011,27,14,12,28],"class_list":{"0":"post-565547","1":"post","2":"type-post","3":"status-publish","4":"format-standard","5":"has-post-thumbnail","7":"category-international","8":"tag-actualites","9":"tag-fr","10":"tag-france","11":"tag-international","12":"tag-news","13":"tag-world"},"share_on_mastodon":{"url":"https:\/\/pubeurope.com\/@fr\/115630092195303584","error":""},"_links":{"self":[{"href":"https:\/\/www.europesays.com\/fr\/wp-json\/wp\/v2\/posts\/565547","targetHints":{"allow":["GET"]}}],"collection":[{"href":"https:\/\/www.europesays.com\/fr\/wp-json\/wp\/v2\/posts"}],"about":[{"href":"https:\/\/www.europesays.com\/fr\/wp-json\/wp\/v2\/types\/post"}],"author":[{"embeddable":true,"href":"https:\/\/www.europesays.com\/fr\/wp-json\/wp\/v2\/users\/2"}],"replies":[{"embeddable":true,"href":"https:\/\/www.europesays.com\/fr\/wp-json\/wp\/v2\/comments?post=565547"}],"version-history":[{"count":0,"href":"https:\/\/www.europesays.com\/fr\/wp-json\/wp\/v2\/posts\/565547\/revisions"}],"wp:featuredmedia":[{"embeddable":true,"href":"https:\/\/www.europesays.com\/fr\/wp-json\/wp\/v2\/media\/395849"}],"wp:attachment":[{"href":"https:\/\/www.europesays.com\/fr\/wp-json\/wp\/v2\/media?parent=565547"}],"wp:term":[{"taxonomy":"category","embeddable":true,"href":"https:\/\/www.europesays.com\/fr\/wp-json\/wp\/v2\/categories?post=565547"},{"taxonomy":"post_tag","embeddable":true,"href":"https:\/\/www.europesays.com\/fr\/wp-json\/wp\/v2\/tags?post=565547"}],"curies":[{"name":"wp","href":"https:\/\/api.w.org\/{rel}","templated":true}]}}