{"id":565554,"date":"2025-11-29T00:15:44","date_gmt":"2025-11-29T00:15:44","guid":{"rendered":"https:\/\/www.europesays.com\/fr\/565554\/"},"modified":"2025-11-29T00:15:44","modified_gmt":"2025-11-29T00:15:44","slug":"saint-etienne-dans-quelle-boulangerie-se-trouve-la-meilleure-galette-de-la-loire","status":"publish","type":"post","link":"https:\/\/www.europesays.com\/fr\/565554\/","title":{"rendered":"Saint-\u00c9tienne : dans quelle boulangerie se trouve la meilleure galette de la Loire ?"},"content":{"rendered":"<p>Jeudi 27 novembre, le 3e \u00e9dition de la Galette de la Loire s&rsquo;est d\u00e9roul\u00e9e \u00e0 l&rsquo;Institut des M\u00e9tiers \u00e0 Saint-\u00c9tienne. Le premier prix de cette \u00e9dition 2025 a \u00e9t\u00e9 remport\u00e9 par une boulangerie st\u00e9phanoise.<\/p>\n<p>La meilleure galette de la Loire se trouve\u2026 \u00e0 <b>Saint-\u00c9tienne<\/b> ! Le r\u00e9sultat de <b>la 3e \u00e9dition de la Galette de la Loire<\/b> a \u00e9t\u00e9 d\u00e9voil\u00e9 jeudi 27 novembre apr\u00e8s le concours \u00e0 <b>l&rsquo;Institut des M\u00e9tiers<\/b> \u00e0 Saint-\u00c9tienne.<\/p>\n<p>Au total, 17 professionnels et 11 apprentis se sont affront\u00e9s dans deux cat\u00e9gories distinctes dans ce concours pr\u00e9sent\u00e9 \u00ab\u00a0comme\u00a0un rendez-vous incontournable pour la mise en lumi\u00e8re de la boulangerie artisanale\u00a0\u00bb.<\/p>\n<p>Une boulangerie de Saint-\u00c9tienne pour la meilleure galette ?<\/p>\n<p>Dans la cat\u00e9gorie \u00a0\u00bb Professionnel\u00a0\u00bb, trois candidats ont \u00e9t\u00e9 r\u00e9compens\u00e9s :<\/p>\n<p><b>Premier prix :<\/b> Stanis Wagner, de la boulangerie Pause Boulange \u00e0 Saint-\u00c9tienne ;<\/p>\n<p><b>Deuxi\u00e8me prix :<\/b> Aur\u00e9lien Liothier, de la Maison Pouilly \u00e0 Montbrison ;<\/p>\n<p><b>Troisi\u00e8me prix :<\/b>\u00a0Math\u00e9o Durand, de Levain et Tradition \u00e0 Saint-Just-Saint-Rambert.<\/p>\n<p>Dans la cat\u00e9gorie \u00ab\u00a0Apprenti\u00a0\u00bb, c&rsquo;est une Roannaise qui s&rsquo;est distingu\u00e9e :<\/p>\n<p><b>Premier prix :<\/b> Ma\u00eblle Marion, de la boulangerie L &amp; A Bererd \u00e0 Roanne ;<\/p>\n<p><b>Deuxi\u00e8me prix :<\/b> Dylan Colombat, de la Maison Allirol \u00e0 Saint-Victor-sur-Loire ;<\/p>\n<p><b>Troisi\u00e8me prix :<\/b> Thomas Blein, de la Maison Pouilly \u00e0 Montbrison.<\/p>\n<p><img loading=\"lazy\" decoding=\"async\" src=\"https:\/\/www.europesays.com\/fr\/wp-content\/uploads\/2025\/11\/1764375343_528_img\" width=\"350\" height=\"200\" border=\"0\" title=\"Un nouveau Burger King ouvre ses portes \u00c3\u00a0 Meyzieu, pr\u00c3\u00a8s de Lyon\"\/><\/p>\n<p>\u25baConso<\/p>\n<p style=\"font-size: 22px;\"><b>Saint-\u00c9tienne : Burger King ouvre dans le centre-ville ce jeudi<\/b><\/p>\n<p>L&rsquo;enseigne am\u00e9ricaine de restauration rapide ouvre&#8230;<\/p>\n<p><\/p>\n","protected":false},"excerpt":{"rendered":"Jeudi 27 novembre, le 3e \u00e9dition de la Galette de la Loire s&rsquo;est d\u00e9roul\u00e9e \u00e0 l&rsquo;Institut des M\u00e9tiers&hellip;\n","protected":false},"author":2,"featured_media":565555,"comment_status":"","ping_status":"","sticky":false,"template":"","format":"standard","meta":{"footnotes":""},"categories":[9653],"tags":[1111,11,2430,1777,674,1011,27,68119,68118,3367,7357,12,25,9920,4001,20524],"class_list":{"0":"post-565554","1":"post","2":"type-post","3":"status-publish","4":"format-standard","5":"has-post-thumbnail","7":"category-saint-etienne","8":"tag-actu","9":"tag-actualites","10":"tag-auvergne-rhone-alpes","11":"tag-eu","12":"tag-europe","13":"tag-fr","14":"tag-france","15":"tag-frangipane","16":"tag-galette","17":"tag-loire","18":"tag-montbrison","19":"tag-news","20":"tag-republique-francaise","21":"tag-saint-tienne","22":"tag-saint-etienne","23":"tag-saint-just-saint-rambert"},"share_on_mastodon":{"url":"https:\/\/pubeurope.com\/@fr\/115630108521310817","error":""},"_links":{"self":[{"href":"https:\/\/www.europesays.com\/fr\/wp-json\/wp\/v2\/posts\/565554","targetHints":{"allow":["GET"]}}],"collection":[{"href":"https:\/\/www.europesays.com\/fr\/wp-json\/wp\/v2\/posts"}],"about":[{"href":"https:\/\/www.europesays.com\/fr\/wp-json\/wp\/v2\/types\/post"}],"author":[{"embeddable":true,"href":"https:\/\/www.europesays.com\/fr\/wp-json\/wp\/v2\/users\/2"}],"replies":[{"embeddable":true,"href":"https:\/\/www.europesays.com\/fr\/wp-json\/wp\/v2\/comments?post=565554"}],"version-history":[{"count":0,"href":"https:\/\/www.europesays.com\/fr\/wp-json\/wp\/v2\/posts\/565554\/revisions"}],"wp:featuredmedia":[{"embeddable":true,"href":"https:\/\/www.europesays.com\/fr\/wp-json\/wp\/v2\/media\/565555"}],"wp:attachment":[{"href":"https:\/\/www.europesays.com\/fr\/wp-json\/wp\/v2\/media?parent=565554"}],"wp:term":[{"taxonomy":"category","embeddable":true,"href":"https:\/\/www.europesays.com\/fr\/wp-json\/wp\/v2\/categories?post=565554"},{"taxonomy":"post_tag","embeddable":true,"href":"https:\/\/www.europesays.com\/fr\/wp-json\/wp\/v2\/tags?post=565554"}],"curies":[{"name":"wp","href":"https:\/\/api.w.org\/{rel}","templated":true}]}}