{"id":565558,"date":"2025-11-29T00:18:43","date_gmt":"2025-11-29T00:18:43","guid":{"rendered":"https:\/\/www.europesays.com\/fr\/565558\/"},"modified":"2025-11-29T00:18:43","modified_gmt":"2025-11-29T00:18:43","slug":"nancy-miracule-contre-sarreguemines-grenoble-renverse-annecy","status":"publish","type":"post","link":"https:\/\/www.europesays.com\/fr\/565558\/","title":{"rendered":"Nancy miracul\u00e9 contre Sarreguemines, Grenoble renverse Annecy"},"content":{"rendered":"<p>Et deux de plus qui font trois ! Apr\u00e8s l&rsquo;US Concarneau (National), <a href=\"https:\/\/www.foot-national.com\/coupe-de-france\/coupe-de-france-concarneau-ecarte-saint-brieuc-et-file-en-32e-de-finale-931633\" target=\"_blank\" rel=\"noopener\">tombeur du Stade Briochin (National) un peu plus t\u00f4t<\/a>, c&rsquo;est l&rsquo;AS Nancy Lorraine et le Grenoble Foot 38 qui ont valid\u00e9 leur ticket pour les 32e de finale de la Coupe de France. Mais que ce fut pour les deux formations de Ligue 2 !<\/p>\n<p>Nancy miracul\u00e9<\/p>\n<p>Pour le compte du <a href=\"https:\/\/www.foot-national.com\/coupe-de-france\/coupe-de-france-la-programmation-complete-du-huitieme-tour-930706\" target=\"_blank\" rel=\"noopener\">huiti\u00e8me tour<\/a>, Nancy \u00e9tait amen\u00e9 \u00e0 composter son billet \u00e0 Sarreguemines, pensionnaire de R\u00e9gional 1 dans le Grand-Est. Apr\u00e8s avoir tranquillement \u00e9cart\u00e9 son voisin de Tomblaine (R3) lors du tour pr\u00e9c\u00e9dent \u00e0 Marcel-Picot (5-0), l&rsquo;ASNL de Pablo Correa a souffert au stade la Blies. C&rsquo;est tout de m\u00eame Ouotro (19e) puis Camara (32e) qui ont donn\u00e9 l&rsquo;avantage aux Meurthe-et-Mosellans, presque contre le cours du jeu. S\u00e9duisant, joueur et sans complexe, Sarreguemines a enfin \u00e9t\u00e9 r\u00e9compens\u00e9 de ses efforts en r\u00e9duisant le score par Mokhtefi (48e).<\/p>\n<p>Mais dix minutes plus tard, Ouotro a redonn\u00e9 de l&rsquo;air aux Rouge et Blanc, invit\u00e9s \u00e0 \u00e9voluer sous une tunique jaune ce vendredi soir (58e). Un troisi\u00e8me but qui n&rsquo;a pas fait renoncer les locaux, revenus une nouvelle fois \u00e0 une longueur gr\u00e2ce \u00e0 un penalty converti par l&rsquo;intenable Schnepp (67e, 2-3), qui a profit\u00e9 d&rsquo;une mauvaise relance de Lemb. Ce m\u00eame Schnepp est venu \u00e9galiser dans les derniers instants et enflammer le stade de la Blies (86e, 3-3) &#8230; pour quelques minutes. Car le jeune Guendez a finalement sauv\u00e9 l&rsquo;ASNL dans le temps additionnel (90+2e, 3-4).\u00a0 Dans la douleur, et en se faisant tr\u00e8s peur, Nancy \u00e9vite le pi\u00e8ge et file en 32e de finale. Sarreguemines, qui avait \u00e9cart\u00e9 Furiani-Agliani (N2) lors du tour pr\u00e9c\u00e9dent (5-3), peut sortir la t\u00eate haute.<\/p>\n<p>Le derby et la qualification pour Grenoble<\/p>\n<p>Dans le m\u00eame temps, le derby des Alpes se tenait du c\u00f4t\u00e9 du Parc des Sports d&rsquo;Annecy. \u00c0 domicile, l&rsquo;\u00e9quipe de Laurent Guyot a rapidement pris les devants gr\u00e2ce \u00e0 un penalty inscrit par Rambaud (4e). Mais elle s&rsquo;est ensuite tir\u00e9e une balle dans le pied\u00a0en raison de l&rsquo;expulsion de C\u00e9dric Makutungu, coupable d&rsquo;un tacle appuy\u00e9 sur le d\u00e9fenseur du GF38 Ga\u00ebtan Paquiez (14e).<\/p>\n<p>Les Ann\u00e9ciens ont alors tent\u00e9 de r\u00e9sister. Jusqu&rsquo;\u00e0 ce Lele Diba, d&rsquo;un coup de t\u00eate sur corner, parvienne \u00e0 \u00e9galiser pour les Is\u00e9rois (67e, 1-1). De quoi relancer le suspense dans ce duel entre pensionnaires de Ligue 2. En sup\u00e9riorit\u00e9 num\u00e9rique, le GF38 en a profit\u00e9 pour doubler la mise gr\u00e2ce \u00e0 Yadaly Diaby, pr\u00e9sent au deuxi\u00e8me poteau pour reprendre le centre de Xantippe (79e, 1-2). Tout comme Concarneau et Nancy, Grenoble disputera donc les 32e de finale, pr\u00e9vus le week-end du 21 d\u00e9cembre. Ils conna\u00eetront leurs adversaires ce lundi 1er d\u00e9cembre, lors du tirage au sort (19h).<\/p>\n<p>Partagez cette info avec vos amis et vos proches en cliquant ici<br \/>Pour r\u00e9sumer<\/p>\n<p>Et deux de plus qui font trois ! Apr\u00e8s l&rsquo;US Concarneau (National), tombeur du Stade Briochin (National) un peu plus t\u00f4t, c&rsquo;est l&rsquo;AS Nancy Lorraine et le Grenoble Foot 38 qui ont valid\u00e9 leur ticket pour les 32e de finale de la Coupe de France. Mais que ce fut pour les deux formations de Ligue 2 !<\/p>\n<p> <img decoding=\"async\" width=\"76\" height=\"76\" loading=\"lazy\" src=\"https:\/\/www.europesays.com\/fr\/wp-content\/uploads\/2025\/04\/logo-florian-sermaise.jpg\" alt=\"Florian Sermaise\"\/><\/p>\n","protected":false},"excerpt":{"rendered":"Et deux de plus qui font trois ! Apr\u00e8s l&rsquo;US Concarneau (National), tombeur du Stade Briochin (National) un&hellip;\n","protected":false},"author":2,"featured_media":565559,"comment_status":"","ping_status":"","sticky":false,"template":"","format":"standard","meta":{"footnotes":""},"categories":[9635],"tags":[1111,11,61432,1777,674,1011,27,775,1702,12,25],"class_list":{"0":"post-565558","1":"post","2":"type-post","3":"status-publish","4":"format-standard","5":"has-post-thumbnail","7":"category-nancy","8":"tag-actu","9":"tag-actualites","10":"tag-coupes-coupe-de-france","11":"tag-eu","12":"tag-europe","13":"tag-fr","14":"tag-france","15":"tag-grand-est","16":"tag-nancy","17":"tag-news","18":"tag-republique-francaise"},"share_on_mastodon":{"url":"https:\/\/pubeurope.com\/@fr\/115630121244695832","error":""},"_links":{"self":[{"href":"https:\/\/www.europesays.com\/fr\/wp-json\/wp\/v2\/posts\/565558","targetHints":{"allow":["GET"]}}],"collection":[{"href":"https:\/\/www.europesays.com\/fr\/wp-json\/wp\/v2\/posts"}],"about":[{"href":"https:\/\/www.europesays.com\/fr\/wp-json\/wp\/v2\/types\/post"}],"author":[{"embeddable":true,"href":"https:\/\/www.europesays.com\/fr\/wp-json\/wp\/v2\/users\/2"}],"replies":[{"embeddable":true,"href":"https:\/\/www.europesays.com\/fr\/wp-json\/wp\/v2\/comments?post=565558"}],"version-history":[{"count":0,"href":"https:\/\/www.europesays.com\/fr\/wp-json\/wp\/v2\/posts\/565558\/revisions"}],"wp:featuredmedia":[{"embeddable":true,"href":"https:\/\/www.europesays.com\/fr\/wp-json\/wp\/v2\/media\/565559"}],"wp:attachment":[{"href":"https:\/\/www.europesays.com\/fr\/wp-json\/wp\/v2\/media?parent=565558"}],"wp:term":[{"taxonomy":"category","embeddable":true,"href":"https:\/\/www.europesays.com\/fr\/wp-json\/wp\/v2\/categories?post=565558"},{"taxonomy":"post_tag","embeddable":true,"href":"https:\/\/www.europesays.com\/fr\/wp-json\/wp\/v2\/tags?post=565558"}],"curies":[{"name":"wp","href":"https:\/\/api.w.org\/{rel}","templated":true}]}}