{"id":565560,"date":"2025-11-29T00:19:26","date_gmt":"2025-11-29T00:19:26","guid":{"rendered":"https:\/\/www.europesays.com\/fr\/565560\/"},"modified":"2025-11-29T00:19:26","modified_gmt":"2025-11-29T00:19:26","slug":"rugby-la-ligue-rebelle-r360-repousse-son-lancement-sport","status":"publish","type":"post","link":"https:\/\/www.europesays.com\/fr\/565560\/","title":{"rendered":"Rugby. La ligue rebelle R360\u00a0repousse son lancement . Sport"},"content":{"rendered":"<p>Le lancement <a href=\"https:\/\/rennes.maville.com\/sport\/detail_-rugby.-r360-la-nouvelle-ligue-rebelle-qui-veut-depoussierer-le-rugby-est-elle-vraiment-serieuse-_54135-7011588_actu.Htm\" target=\"_self\" rel=\"noopener\">du projet de ligue rebelle R360<\/a>, envisag\u00e9 initialement pour 2026, mais en butte \u00e0 l\u2019opposition des principales f\u00e9d\u00e9rations de rugby, a \u00e9t\u00e9 repouss\u00e9 \u00e0 2028 ont annonc\u00e9 ses organisateurs vendredi.<\/p>\n<p>\u00a0R360\u00a0avait un projet d\u00e9taill\u00e9 pour se lancer en 2026, dans un format r\u00e9duit\u00a0, mais la date de 2028 \u00a0offrira de meilleures conditions de march\u00e9, une plus grande certitude c\u00f4t\u00e9 commercial et un environnement plus favorable pour les joueurs, les supporteurs, les partenaires\u00a0\u00bb, a assur\u00e9 R360\u00a0dans un communiqu\u00e9.<\/p>\n<p>\u00ab\u00a0Une d\u00e9cision strat\u00e9gique\u00a0\u00bb<\/p>\n<p>Ce d\u00e9lai suppl\u00e9mentaire est \u00a0une d\u00e9cision strat\u00e9gique\u00a0 a rench\u00e9ri l\u2019ancien centre international anglais Mike Tindall, un des promoteurs de R360.<\/p>\n<p>Ce projet, qui int\u00e9grerait des \u00e9quipes masculines et f\u00e9minines, serait disput\u00e9 non pas par des clubs mais des franchises et les rencontres seraient disput\u00e9es aux quatre coins du monde dans des villes h\u00f4tes. Dans un calendrier d\u00e9j\u00e0 surcharg\u00e9 pour nombre de joueurs de rugby, cette comp\u00e9tition entrerait forc\u00e9ment en concurrence avec d\u2019autres d\u00e9j\u00e0 install\u00e9es, que ce soit en club ou en s\u00e9lection.<\/p>\n<p>Si aucun nom de joueurs candidat pour rejoindre cette ligue rebelle n\u2019a encore \u00e9t\u00e9 d\u00e9voil\u00e9, des noms comme ceux des Toulonnais Baptiste Serin et Ben White, qui ont depuis prolong\u00e9 au RCT, avaient \u00e9t\u00e9 cit\u00e9s dans la presse, tout comme ceux de l\u2019Argentin de Bayonne Mateo Carreras, ou de son partenaire anglais Manu Tuilagi. Des joueurs du championnat \u00e0 XIII australien, plus populaire que le XV, auraient \u00e9t\u00e9 sollicit\u00e9s, selon des m\u00e9dias locaux.<\/p>\n<p>D\u00e9but octobre, les f\u00e9d\u00e9rations de la Nouvelle-Z\u00e9lande, l\u2019Australie, l\u2019Afrique du Sud, la France, l\u2019Angleterre, l\u2019Ecosse, l\u2019Irlande et l\u2019Italie avaient fait part de leur opposition farouche \u00e0 cette ligue rebelle, annon\u00e7ant que tout joueur qui la rejoindrait deviendrait in\u00e9ligible avec leur s\u00e9lection.<\/p>\n<p>La F\u00e9d\u00e9ration australienne de rugby \u00e0 XIII avait \u00e9galement menac\u00e9 d\u2019une suspension de dix ans les joueurs qui rejoindraient cette ligue, estimant que ce projet \u00e9tait une \u00a0contrefa\u00e7on\u00a0.<\/p>\n<p>D\u00e9non\u00e7ant \u00a0les nombreuses contre-v\u00e9rit\u00e9s publi\u00e9es sur R360\u00a0, les promoteurs de cette ligue assurent que cette nouvelle comp\u00e9tition regroupera \u00a0plus de 200\u00a0joueurs et joueuses, dont plusieurs ayant disput\u00e9 les r\u00e9cents tests d\u2019automne ou la derni\u00e8re coupe du monde de rugby f\u00e9minine en Angleterre\u00a0.<\/p>\n<p><strong>Lire aussi\u00a0: <\/strong> <a href=\"https:\/\/rennes.maville.com\/sport\/detail_--r360-liberera-tous-les-joueurs-la-ligue-rebelle-de-rugby-repond-aux-federations-internationales-_54135-7010795_actu.Htm\" target=\"_self\" rel=\"noopener\">\u00ab\u00a0R360\u00a0lib\u00e9rera tous les joueurs\u00a0\u00bb\u00a0: la ligue rebelle de rugby r\u00e9pond aux f\u00e9d\u00e9rations internationales<\/a><\/p>\n<p>Ce mod\u00e8le d\u2019un genre nouveau avait \u00e9t\u00e9 pr\u00e9sent\u00e9 fin septembre \u00e0 World Rugby, l\u2019instance qui g\u00e8re le rugby international. Mais face aux questions pos\u00e9es apr\u00e8s le d\u00e9p\u00f4t du dossier, son examen avait \u00e9t\u00e9 repouss\u00e9 au prochain conseil de l\u2019organisation, en juin.<\/p>\n<p>\u00a0<\/p>\n","protected":false},"excerpt":{"rendered":"Le lancement du projet de ligue rebelle R360, envisag\u00e9 initialement pour 2026, mais en butte \u00e0 l\u2019opposition des&hellip;\n","protected":false},"author":2,"featured_media":565561,"comment_status":"","ping_status":"","sticky":false,"template":"","format":"standard","meta":{"footnotes":""},"categories":[9619],"tags":[1111,11,3809,1465,1777,674,63,1011,27,1792,1922,12,882,25,479,517,2310,1470],"class_list":{"0":"post-565560","1":"post","2":"type-post","3":"status-publish","4":"format-standard","5":"has-post-thumbnail","7":"category-toulon","8":"tag-actu","9":"tag-actualites","10":"tag-ball","11":"tag-basket","12":"tag-eu","13":"tag-europe","14":"tag-football","15":"tag-fr","16":"tag-france","17":"tag-handball","18":"tag-info","19":"tag-news","20":"tag-provence-alpes-cote-dazur","21":"tag-republique-francaise","22":"tag-rugby","23":"tag-sport","24":"tag-toulon","25":"tag-volley"},"share_on_mastodon":{"url":"https:\/\/pubeurope.com\/@fr\/115630123494972783","error":""},"_links":{"self":[{"href":"https:\/\/www.europesays.com\/fr\/wp-json\/wp\/v2\/posts\/565560","targetHints":{"allow":["GET"]}}],"collection":[{"href":"https:\/\/www.europesays.com\/fr\/wp-json\/wp\/v2\/posts"}],"about":[{"href":"https:\/\/www.europesays.com\/fr\/wp-json\/wp\/v2\/types\/post"}],"author":[{"embeddable":true,"href":"https:\/\/www.europesays.com\/fr\/wp-json\/wp\/v2\/users\/2"}],"replies":[{"embeddable":true,"href":"https:\/\/www.europesays.com\/fr\/wp-json\/wp\/v2\/comments?post=565560"}],"version-history":[{"count":0,"href":"https:\/\/www.europesays.com\/fr\/wp-json\/wp\/v2\/posts\/565560\/revisions"}],"wp:featuredmedia":[{"embeddable":true,"href":"https:\/\/www.europesays.com\/fr\/wp-json\/wp\/v2\/media\/565561"}],"wp:attachment":[{"href":"https:\/\/www.europesays.com\/fr\/wp-json\/wp\/v2\/media?parent=565560"}],"wp:term":[{"taxonomy":"category","embeddable":true,"href":"https:\/\/www.europesays.com\/fr\/wp-json\/wp\/v2\/categories?post=565560"},{"taxonomy":"post_tag","embeddable":true,"href":"https:\/\/www.europesays.com\/fr\/wp-json\/wp\/v2\/tags?post=565560"}],"curies":[{"name":"wp","href":"https:\/\/api.w.org\/{rel}","templated":true}]}}