{"id":565565,"date":"2025-11-29T00:22:14","date_gmt":"2025-11-29T00:22:14","guid":{"rendered":"https:\/\/www.europesays.com\/fr\/565565\/"},"modified":"2025-11-29T00:22:14","modified_gmt":"2025-11-29T00:22:14","slug":"previsions-du-samedi-29-novembre-2025","status":"publish","type":"post","link":"https:\/\/www.europesays.com\/fr\/565565\/","title":{"rendered":"pr\u00e9visions du samedi 29 novembre 2025"},"content":{"rendered":"<p>La journ\u00e9e qui s&rsquo;annonce \u00e0 Montpellier, promet d&rsquo;\u00eatre superbe et ensoleill\u00e9e ! Les temp\u00e9ratures afficheront entre 8 et 13\u00b0C. Dans la matin\u00e9e, les temp\u00e9ratures tourneront autour des 10\u00b0C. Un vent de nord-ouest rafra\u00eechira sensiblement l&rsquo;atmosph\u00e8re. Les valeurs seront de 11\u00b0C au minimum et de 13\u00b0C au maximum l&rsquo;apr\u00e8s-midi. Le ciel va s&rsquo;\u00e9claircir dans la soir\u00e9e. On pr\u00e9voit une nuit claire entre samedi et dimanche.<\/p>\n<p>Le soleil se fera d\u00e9sirer demain sur Montpellier, o\u00f9 des nuages sont bien install\u00e9s. Une chute des temp\u00e9ratures est attendue. Le thermom\u00e8tre affichera 10\u00b0C en moyenne. Une modeste brise de nord-est sera ressentie par les habitants. La grisaille ne se disperse toujours pas, il y aura encore des nuages le matin. Des pluies \u00e9parses vont tomber. Il va faire environ 10\u00b0C. Le soleil peinera \u00e0 percer au milieu des nuages qui subsisteront dans l&rsquo;apr\u00e8s-midi. Les temp\u00e9ratures s&rsquo;\u00e9chelonneront de 10 \u00e0 11\u00b0C. On observera la pr\u00e9sence persistante de nuages demain soir.<\/p>\n<p>Des conditions m\u00e9t\u00e9orologiques instables sont pr\u00e9vues les jours suivants. On s&rsquo;attend \u00e0 une d\u00e9gradation mardi, apr\u00e8s un jour ensoleill\u00e9 lundi.<\/p>\n<p><\/p>\n","protected":false},"excerpt":{"rendered":"La journ\u00e9e qui s&rsquo;annonce \u00e0 Montpellier, promet d&rsquo;\u00eatre superbe et ensoleill\u00e9e ! Les temp\u00e9ratures afficheront entre 8 et&hellip;\n","protected":false},"author":2,"featured_media":565566,"comment_status":"","ping_status":"","sticky":false,"template":"","format":"standard","meta":{"footnotes":""},"categories":[9599],"tags":[1111,11,1777,674,1011,27,2208,12,2680,2119,25],"class_list":{"0":"post-565565","1":"post","2":"type-post","3":"status-publish","4":"format-standard","5":"has-post-thumbnail","7":"category-montpellier","8":"tag-actu","9":"tag-actualites","10":"tag-eu","11":"tag-europe","12":"tag-fr","13":"tag-france","14":"tag-montpellier","15":"tag-news","16":"tag-occitanie","17":"tag-previsions-meteo","18":"tag-republique-francaise"},"share_on_mastodon":{"url":"https:\/\/pubeurope.com\/@fr\/115630135300065680","error":""},"_links":{"self":[{"href":"https:\/\/www.europesays.com\/fr\/wp-json\/wp\/v2\/posts\/565565","targetHints":{"allow":["GET"]}}],"collection":[{"href":"https:\/\/www.europesays.com\/fr\/wp-json\/wp\/v2\/posts"}],"about":[{"href":"https:\/\/www.europesays.com\/fr\/wp-json\/wp\/v2\/types\/post"}],"author":[{"embeddable":true,"href":"https:\/\/www.europesays.com\/fr\/wp-json\/wp\/v2\/users\/2"}],"replies":[{"embeddable":true,"href":"https:\/\/www.europesays.com\/fr\/wp-json\/wp\/v2\/comments?post=565565"}],"version-history":[{"count":0,"href":"https:\/\/www.europesays.com\/fr\/wp-json\/wp\/v2\/posts\/565565\/revisions"}],"wp:featuredmedia":[{"embeddable":true,"href":"https:\/\/www.europesays.com\/fr\/wp-json\/wp\/v2\/media\/565566"}],"wp:attachment":[{"href":"https:\/\/www.europesays.com\/fr\/wp-json\/wp\/v2\/media?parent=565565"}],"wp:term":[{"taxonomy":"category","embeddable":true,"href":"https:\/\/www.europesays.com\/fr\/wp-json\/wp\/v2\/categories?post=565565"},{"taxonomy":"post_tag","embeddable":true,"href":"https:\/\/www.europesays.com\/fr\/wp-json\/wp\/v2\/tags?post=565565"}],"curies":[{"name":"wp","href":"https:\/\/api.w.org\/{rel}","templated":true}]}}