{"id":565567,"date":"2025-11-29T00:24:32","date_gmt":"2025-11-29T00:24:32","guid":{"rendered":"https:\/\/www.europesays.com\/fr\/565567\/"},"modified":"2025-11-29T00:24:32","modified_gmt":"2025-11-29T00:24:32","slug":"rouen-renverse-lens-dans-un-match-prolifique-aubagne-domine-cannes","status":"publish","type":"post","link":"https:\/\/www.europesays.com\/fr\/565567\/","title":{"rendered":"Rouen renverse Lens dans un match prolifique, Aubagne domine Cannes"},"content":{"rendered":"<p>Les clubs \u00e9limin\u00e9s de la Coupe de France gardent le rythme. Ce vendredi 28 novembre, <a href=\"https:\/\/www.foot-national.com\/actus\/amicaux-dijon-et-goal-bons-amis-boulogne-et-valenciennes-aussi-le-fc-93-soffre-le-paris-13-931597\" target=\"_blank\" rel=\"noopener\">plusieurs matchs amicaux \u00e9taient effectivement au programme entre formations des championnats f\u00e9d\u00e9raux<\/a>, dont celui entre le FC Rouen et une \u00e9quipe compos\u00e9e de jeunes \u00e9l\u00e9ments du RC Lens. Leader de National, le club normand a \u00e9t\u00e9 bouscul\u00e9 par la jeune garde des Sang et Or. Au stade Robert-Diochon, Alpha Diallo a tout d&rsquo;abord donn\u00e9 l&rsquo;avantage aux Nordistes (10e) avant d&rsquo;\u00eatre imit\u00e9 deux minutes plus tard par Fod\u00e9 Sylla (12e, 0-2). Relanc\u00e9 par Valentin Fuss (25e), le FCR a ensuite encaiss\u00e9 deux autres r\u00e9alisations lensoises sign\u00e9es Samuel Di\u00e9 (36e) et Erawan Garnier (57e, 1-4).<\/p>\n<p>Avant Rouen, Aubagne s&rsquo;impose tranquillement<\/p>\n<p>Dans le dur, les Diables Rouges ont relanc\u00e9 la machine sur un penalty converti par Kenny Da Rocha (70e) puis un troisi\u00e8me but de Jason Mbock (79e, 3-4). Sans perdre de temps, Amadou Ba-Sy a permis aux hommes de R\u00e9gis Brouard d&rsquo;\u00e9galiser (80e, 4-4). Le mot de la fin de ce match prolifique en est revenu aux Normands, vainqueurs par KO gr\u00e2ce Noah Ndeke (88e, 5-4). Place d\u00e9sormais \u00e0 la pr\u00e9paration du d\u00e9placement \u00e0 Aubagne en championnat dans une semaine pour le FCR (05\/12).<\/p>\n<p>Et \u00e7a tombe bien, puisque le club des Bouches-du-Rh\u00f4ne \u00e9tait lui aussi en piste ce vendredi apr\u00e8s-midi. Cinqui\u00e8me de National, Aubagne s&rsquo;est tranquillement impos\u00e9 contre l&rsquo;AS Cannes de Mathieu Chabert (National 2) au stade Pierre-de-Coubertin. Une d\u00e9faite bien s\u00fbre sans cons\u00e9quence pour les Dragons, qui ont retrouv\u00e9 la forme en championnat depuis la prise de fonction du technicien (3 victoires en 3 matchs dans le <a href=\"https:\/\/www.foot-national.com\/data\/classement-national2-groupe-c.html\" target=\"_blank\" rel=\"noopener\">groupe C de N2<\/a>). Prochain match dans une semaine du c\u00f4t\u00e9 de Cr\u00e9teil.<\/p>\n<p><a href=\"https:\/\/www.foot-national.com\/actus\/amicaux-dijon-et-goal-bons-amis-boulogne-et-valenciennes-aussi-le-fc-93-soffre-le-paris-13-931597\" target=\"_blank\" rel=\"noopener\">Amicaux : Dijon et GOAL bons amis, Boulogne et Valenciennes aussi, le FC 93 s\u2019offre le Paris 13\u2026<\/a><\/p>\n<p>Partagez cette info avec vos amis et vos proches en cliquant ici<br \/>Pour r\u00e9sumer<\/p>\n<p>Les clubs \u00e9limin\u00e9s de la Coupe de France gardent le rythme. Ce vendredi 28 novembre, plusieurs matchs amicaux \u00e9taient effectivement au programme entre formations des championnats f\u00e9d\u00e9raux, dont celui entre le FC Rouen et la r\u00e9serve du RC Lens (National 3).<\/p>\n<p> <img decoding=\"async\" width=\"76\" height=\"76\" loading=\"lazy\" src=\"https:\/\/www.europesays.com\/fr\/wp-content\/uploads\/2025\/04\/logo-florian-sermaise.jpg\" alt=\"Florian Sermaise\"\/><\/p>\n","protected":false},"excerpt":{"rendered":"Les clubs \u00e9limin\u00e9s de la Coupe de France gardent le rythme. Ce vendredi 28 novembre, plusieurs matchs amicaux&hellip;\n","protected":false},"author":2,"featured_media":565568,"comment_status":"","ping_status":"","sticky":false,"template":"","format":"standard","meta":{"footnotes":""},"categories":[9587],"tags":[1111,11,1777,674,1011,27,59645,59520,59557,12,5161,25,9590],"class_list":{"0":"post-565567","1":"post","2":"type-post","3":"status-publish","4":"format-standard","5":"has-post-thumbnail","7":"category-rouen","8":"tag-actu","9":"tag-actualites","10":"tag-eu","11":"tag-europe","12":"tag-fr","13":"tag-france","14":"tag-national-actus","15":"tag-national-2-actus","16":"tag-national-3-actus","17":"tag-news","18":"tag-normandie","19":"tag-republique-francaise","20":"tag-rouen"},"share_on_mastodon":{"url":"https:\/\/pubeurope.com\/@fr\/115630143791803826","error":""},"_links":{"self":[{"href":"https:\/\/www.europesays.com\/fr\/wp-json\/wp\/v2\/posts\/565567","targetHints":{"allow":["GET"]}}],"collection":[{"href":"https:\/\/www.europesays.com\/fr\/wp-json\/wp\/v2\/posts"}],"about":[{"href":"https:\/\/www.europesays.com\/fr\/wp-json\/wp\/v2\/types\/post"}],"author":[{"embeddable":true,"href":"https:\/\/www.europesays.com\/fr\/wp-json\/wp\/v2\/users\/2"}],"replies":[{"embeddable":true,"href":"https:\/\/www.europesays.com\/fr\/wp-json\/wp\/v2\/comments?post=565567"}],"version-history":[{"count":0,"href":"https:\/\/www.europesays.com\/fr\/wp-json\/wp\/v2\/posts\/565567\/revisions"}],"wp:featuredmedia":[{"embeddable":true,"href":"https:\/\/www.europesays.com\/fr\/wp-json\/wp\/v2\/media\/565568"}],"wp:attachment":[{"href":"https:\/\/www.europesays.com\/fr\/wp-json\/wp\/v2\/media?parent=565567"}],"wp:term":[{"taxonomy":"category","embeddable":true,"href":"https:\/\/www.europesays.com\/fr\/wp-json\/wp\/v2\/categories?post=565567"},{"taxonomy":"post_tag","embeddable":true,"href":"https:\/\/www.europesays.com\/fr\/wp-json\/wp\/v2\/tags?post=565567"}],"curies":[{"name":"wp","href":"https:\/\/api.w.org\/{rel}","templated":true}]}}