{"id":565571,"date":"2025-11-29T00:26:11","date_gmt":"2025-11-29T00:26:11","guid":{"rendered":"https:\/\/www.europesays.com\/fr\/565571\/"},"modified":"2025-11-29T00:26:11","modified_gmt":"2025-11-29T00:26:11","slug":"creation-dun-mur-geant-de-portraits-de-benevoles","status":"publish","type":"post","link":"https:\/\/www.europesays.com\/fr\/565571\/","title":{"rendered":"Cr\u00e9ation d&rsquo;un mur g\u00e9ant de portraits de b\u00e9n\u00e9voles"},"content":{"rendered":"<p>                        Dates<\/p>\n<ul class=\"l-side u-align-start u-justify-start\" style=\"--side-gap: 16px;\">\n<li class=\"o-date o-date--period\">\n<p>            du<\/p>\n<p>                    Lundi                <\/p>\n<p>                    24.11<br \/>\n                    24 novembre<\/p>\n<p>                        \u00e0<\/p>\n<p>                        08h00                    <\/p>\n<p>            au<\/p>\n<p>                    Vendredi                <\/p>\n<p>                    05.12<br \/>\n                    5 d\u00e9cembre<\/p>\n<p>                        \u00e0<\/p>\n<p>                        20h00                    <\/p>\n<\/li>\n<\/ul>\n<p>                Top d\u00e9part pour relever le challenge ! <\/p>\n<p><strong>Vous \u00eates b\u00e9n\u00e9vole \u00e0 Grenoble, investi-e dans une association, un collectif, ponctuellement ou r\u00e9guli\u00e8rement ?<\/strong> Relevez le d\u00e9fi du 24 novembre au 5 d\u00e9cembre 2025.<\/p>\n<p><strong>Objectif <\/strong>: cr\u00e9er un mur des visages de l&rsquo;engagement \u00e0 Grenoble, valoriser votre implication, quelle qu&rsquo;elle soit !<\/p>\n<p> Prenez-vous en photo : <\/p>\n<ul>\n<li>Au photomaton de la Maison de la Vie Associative et Citoyenne (MVAC &#8211; 6, rue Berthe de Boissieux), <strong>en acc\u00e8s libre \u00e0 de 8H \u00e0 20H du lundi au vendredi.<\/strong><\/li>\n<li>Ou directement chez vous ! Envoyez votre photographie sur l&rsquo;\u00e9v\u00e8nement d\u00e9di\u00e9 sur <a href=\"https:\/\/grenoble.metropoleparticipative.fr\/participation\/314615\/43424-participation.htm?access=1&amp;tab=315005\" data-file_name=\"Challenge photo 2025 volontairesdegrenoble\" class=\"external\" target=\"_blank\" rel=\"noopener\">volontairesdegrenoble.fr<\/a><\/li>\n<\/ul>\n<p> Conditions de participation : <\/p>\n<ul>\n<li>Participation gratuite, ouverte d\u00e8s 16 ans et plus.<\/li>\n<li>Portrait\/selfie seul-e (ou \u00e0 plusieurs au photomaton).<\/li>\n<li>Affichez votre pr\u00e9nom, si vous le souhaitez devant vous (sur une feuille, une ardoise).<\/li>\n<li>Validez votre autorisation de droit \u00e0 l&rsquo;image.<\/li>\n<\/ul>\n<p><strong>Le r\u00e9sultat du challenge photo sera visible \u00e0 l&rsquo;occasion de la Journ\u00e9e du b\u00e9n\u00e9volat, vendredi 5 d\u00e9cembre \u00e0 la Maison de la Vie Associative et Citoyenne. Un \u00e9v\u00e8nement gratuit, sur inscription, pour tous et toutes.<\/strong><\/p>\n<p>La Ville de Grenoble organise une grande soir\u00e9e pour remercier les b\u00e9n\u00e9voles et les volontaires de son territoire. L&rsquo;occasion de se retrouver et c\u00e9l\u00e9brer les engagements de chacun-e avec au programme : des ateliers, une fresque du b\u00e9n\u00e9volat et un ap\u00e9ro-quizz dans une ambiance chaleureuse et festive.<\/p>\n<p><strong>Toujours pas inscrit-e \u00e0 la journ\u00e9e du b\u00e9n\u00e9volat ?<\/strong><\/p>\n<p><a href=\"https:\/\/grenoble.metropoleparticipative.fr\/actualite\/314667\/43414-3-2-1...-challenge-photo-et-journee-du-benevolat.htm\" data-file_name=\"Challenge photo et journ\u00e9e du b\u00e9n\u00e9volat 2025\" class=\"o-button external\" target=\"_blank\" rel=\"noopener\">R\u00e9servez votre place d\u00e8s maintenant sur volontairesdegrenoble.fr<\/a><\/p>\n","protected":false},"excerpt":{"rendered":"Dates du Lundi 24.11 24 novembre \u00e0 08h00 au Vendredi 05.12 5 d\u00e9cembre \u00e0 20h00 Top d\u00e9part pour&hellip;\n","protected":false},"author":2,"featured_media":565455,"comment_status":"","ping_status":"","sticky":false,"template":"","format":"standard","meta":{"footnotes":""},"categories":[9566],"tags":[1111,11,2430,1777,674,1011,27,2731,12,25],"class_list":{"0":"post-565571","1":"post","2":"type-post","3":"status-publish","4":"format-standard","5":"has-post-thumbnail","7":"category-grenoble","8":"tag-actu","9":"tag-actualites","10":"tag-auvergne-rhone-alpes","11":"tag-eu","12":"tag-europe","13":"tag-fr","14":"tag-france","15":"tag-grenoble","16":"tag-news","17":"tag-republique-francaise"},"share_on_mastodon":{"url":"https:\/\/pubeurope.com\/@fr\/115630151030578617","error":""},"_links":{"self":[{"href":"https:\/\/www.europesays.com\/fr\/wp-json\/wp\/v2\/posts\/565571","targetHints":{"allow":["GET"]}}],"collection":[{"href":"https:\/\/www.europesays.com\/fr\/wp-json\/wp\/v2\/posts"}],"about":[{"href":"https:\/\/www.europesays.com\/fr\/wp-json\/wp\/v2\/types\/post"}],"author":[{"embeddable":true,"href":"https:\/\/www.europesays.com\/fr\/wp-json\/wp\/v2\/users\/2"}],"replies":[{"embeddable":true,"href":"https:\/\/www.europesays.com\/fr\/wp-json\/wp\/v2\/comments?post=565571"}],"version-history":[{"count":0,"href":"https:\/\/www.europesays.com\/fr\/wp-json\/wp\/v2\/posts\/565571\/revisions"}],"wp:featuredmedia":[{"embeddable":true,"href":"https:\/\/www.europesays.com\/fr\/wp-json\/wp\/v2\/media\/565455"}],"wp:attachment":[{"href":"https:\/\/www.europesays.com\/fr\/wp-json\/wp\/v2\/media?parent=565571"}],"wp:term":[{"taxonomy":"category","embeddable":true,"href":"https:\/\/www.europesays.com\/fr\/wp-json\/wp\/v2\/categories?post=565571"},{"taxonomy":"post_tag","embeddable":true,"href":"https:\/\/www.europesays.com\/fr\/wp-json\/wp\/v2\/tags?post=565571"}],"curies":[{"name":"wp","href":"https:\/\/api.w.org\/{rel}","templated":true}]}}