{"id":565572,"date":"2025-11-29T00:27:18","date_gmt":"2025-11-29T00:27:18","guid":{"rendered":"https:\/\/www.europesays.com\/fr\/565572\/"},"modified":"2025-11-29T00:27:18","modified_gmt":"2025-11-29T00:27:18","slug":"la-biotech-aberactives-leve-1-million-deuros","status":"publish","type":"post","link":"https:\/\/www.europesays.com\/fr\/565572\/","title":{"rendered":"La biotech AberActives l\u00e8ve 1 million d\u2019euros"},"content":{"rendered":"<p>  Sp\u00e9cialis\u00e9e dans la valorisation des compos\u00e9s naturels des algues, la biotech finist\u00e9rienne AberActives vient de lever un million d\u2019euros pour d\u00e9velopper sa technologie d\u2019extraction unique. Cette innovation s\u2019adresse notamment aux march\u00e9s de la cosm\u00e9tique et de la nutraceutique.<\/p>\n<p>Issus de la Station biologique de Roscoff (CNRS), les trois fondateurs de la biotech AberActives, que sont Bernard Kloareg, Robert Larocque et Gurvan Michel, s\u2019appuient sur pr\u00e8s de quarante ann\u00e9es de recherche sur les macroalgues, leur sp\u00e9cialit\u00e9, et plus pr\u00e9cis\u00e9ment \u00ab\u00a0sur les bact\u00e9ries associ\u00e9es qui recyclent les biomasses algales et les enzymes sp\u00e9cifiques de la d\u00e9gradation des polysaccharides des grandes algues marines\u00a0\u00bb.<\/p>\n<p>Pour la cosm\u00e9tique et la nutraceutique<\/p>\n<p>Cr\u00e9\u00e9e en 2021, <strong>la start-up AberActives a d\u00e9velopp\u00e9 une technologie d\u2019extraction unique pour valoriser les ingr\u00e9dients issus des algues<\/strong>. \u00ab Notre technique de bioraffinage, qui fait appel \u00e0 l\u2019hydrolyse enzymatique, marque une avanc\u00e9e significative dans ce domaine car elle permet de valoriser la diversit\u00e9 des compos\u00e9s naturels des algues tout en minimisant la consommation \u00e9nerg\u00e9tique et l\u2019impact environnemental \u00bb, expliquent les fondateurs. Les biomol\u00e9cules extraites pr\u00e9sentent des effets b\u00e9n\u00e9fiques notamment pour <strong>la r\u00e9g\u00e9n\u00e9ration cellulaire, la gu\u00e9rison des plaies mais aussi l\u2019hydratation et la sant\u00e9 dermique,<\/strong> d\u00e9taillent les chercheurs qui visent adresser les march\u00e9s mondiaux de la\u00a0cosm\u00e9tique et de la nutraceutique.<\/p>\n<p>Soutenues par l\u2019\u00e9cosyst\u00e8me breton (SATT Ouest Valorisation, Technop\u00f4le Brest-Iroise, Village by CA Finist\u00e8re, Pays de Morlaix, fili\u00e8re mer du Cr\u00e9dit Agricole, BPI France, Biotech Sant\u00e9 Bretagne et la R\u00e9gion Bretagne) <strong>la biotech finist\u00e9rienne vient de rallier de nouveaux partenaires<\/strong> (Finist\u00e8re Angels, Armor Angels et des actionnaires individuels) pour boucler cette premi\u00e8re lev\u00e9e de fonds d\u2019amor\u00e7age. Avec ce millions d\u2019euros suppl\u00e9mentaire, les dirigeants d\u2019AberActives vont pouvoir<strong> investir dans l\u2019outil de production et dans leur \u00e9quipe<\/strong> en recrutant des force vives commerciales, R&amp;D et production.<\/p>\n<p><a href=\"https:\/\/www.aberactives.com\/\" target=\"_blank\" rel=\"noopener\">D\u00e9couvrir AberActives<\/a><\/p>\n","protected":false},"excerpt":{"rendered":"Sp\u00e9cialis\u00e9e dans la valorisation des compos\u00e9s naturels des algues, la biotech finist\u00e9rienne AberActives vient de lever un million&hellip;\n","protected":false},"author":2,"featured_media":565573,"comment_status":"","ping_status":"","sticky":false,"template":"","format":"standard","meta":{"footnotes":""},"categories":[2821],"tags":[1111,11,829,1777,674,1011,27,12,584,25],"class_list":{"0":"post-565572","1":"post","2":"type-post","3":"status-publish","4":"format-standard","5":"has-post-thumbnail","7":"category-rennes","8":"tag-actu","9":"tag-actualites","10":"tag-bretagne","11":"tag-eu","12":"tag-europe","13":"tag-fr","14":"tag-france","15":"tag-news","16":"tag-rennes","17":"tag-republique-francaise"},"share_on_mastodon":{"url":"https:\/\/pubeurope.com\/@fr\/115630155040049410","error":""},"_links":{"self":[{"href":"https:\/\/www.europesays.com\/fr\/wp-json\/wp\/v2\/posts\/565572","targetHints":{"allow":["GET"]}}],"collection":[{"href":"https:\/\/www.europesays.com\/fr\/wp-json\/wp\/v2\/posts"}],"about":[{"href":"https:\/\/www.europesays.com\/fr\/wp-json\/wp\/v2\/types\/post"}],"author":[{"embeddable":true,"href":"https:\/\/www.europesays.com\/fr\/wp-json\/wp\/v2\/users\/2"}],"replies":[{"embeddable":true,"href":"https:\/\/www.europesays.com\/fr\/wp-json\/wp\/v2\/comments?post=565572"}],"version-history":[{"count":0,"href":"https:\/\/www.europesays.com\/fr\/wp-json\/wp\/v2\/posts\/565572\/revisions"}],"wp:featuredmedia":[{"embeddable":true,"href":"https:\/\/www.europesays.com\/fr\/wp-json\/wp\/v2\/media\/565573"}],"wp:attachment":[{"href":"https:\/\/www.europesays.com\/fr\/wp-json\/wp\/v2\/media?parent=565572"}],"wp:term":[{"taxonomy":"category","embeddable":true,"href":"https:\/\/www.europesays.com\/fr\/wp-json\/wp\/v2\/categories?post=565572"},{"taxonomy":"post_tag","embeddable":true,"href":"https:\/\/www.europesays.com\/fr\/wp-json\/wp\/v2\/tags?post=565572"}],"curies":[{"name":"wp","href":"https:\/\/api.w.org\/{rel}","templated":true}]}}