{"id":565574,"date":"2025-11-29T00:28:12","date_gmt":"2025-11-29T00:28:12","guid":{"rendered":"https:\/\/www.europesays.com\/fr\/565574\/"},"modified":"2025-11-29T00:28:12","modified_gmt":"2025-11-29T00:28:12","slug":"metz-rennes-il-ny-a-pas-de-souci-avec-koffi-lentraineur-messin-calme-le-jeu-apres-le-comportement-lunaire-de-kouao","status":"publish","type":"post","link":"https:\/\/www.europesays.com\/fr\/565574\/","title":{"rendered":"Metz-Rennes: \u00ab\u00a0il n&rsquo;y a pas de souci avec Koffi\u00a0\u00bb, l&rsquo;entra\u00eeneur messin calme le jeu apr\u00e8s le comportement lunaire de Kouao"},"content":{"rendered":"<p class=\"mb-4 text-lg md:leading-8 break-words\">St\u00e9phane Le Mignan \u00e9teint rapidement l&rsquo;incendie. <a href=\"https:\/\/fr.news.yahoo.com\/sport\/assis-ballon-bouger-lors-l%C3%A9chauffement-204544658.html\" data-ylk=\"slk:Apr\u00e8s le comportement lunaire de Koffi Kouao;elm:context_link;itc:0;sec:content-canvas;outcm:mb_qualified_link;_E:mb_qualified_link;ct:story;\" class=\"link  yahoo-link\" target=\"_blank\" rel=\"noopener\">Apr\u00e8s le comportement lunaire de Koffi Kouao<\/a>, qui a refus\u00e9 de s&rsquo;\u00e9chauffer, vex\u00e9 de ne pas d\u00e9marrer le match face \u00e0 Rennes ce vendredi lors de la 14e journ\u00e9e de Ligue 1 (1-0), son entra\u00eeneur a assur\u00e9 qu&rsquo;il n&rsquo;y avait pas de probl\u00e8me avec son lat\u00e9ral.<\/p>\n<p class=\"mb-4 text-lg md:leading-8 break-words\">\u00ab\u00a0J&rsquo;ai d\u00e9cid\u00e9 de ne pas le faire jouer parce qu&rsquo;il a jou\u00e9 tous les matchs depuis le d\u00e9but de saison, avec de bonnes prestations. La semaine derni\u00e8re, j&rsquo;\u00e9tais un peu moins satisfait. Je pensais que ce n&rsquo;\u00e9tait pas la meilleure personne par rapport \u00e0 notre plan de jeu, d\u00e9fensivement et offensivement. Il n&rsquo;y a pas de souci avec Koffi. Il est d\u00e9\u00e7u forc\u00e9ment. Il a tout le temps jou\u00e9. Il va repartir de l&rsquo;avant, il n&rsquo;y a pas de probl\u00e8me avec \u00e7a\u00a0\u00bb, a indiqu\u00e9 le coach messin sur Ligue 1+.<\/p>\n<p class=\"mb-4 text-lg md:leading-8 break-words\"><a href=\"https:\/\/rmcsport.bfmtv.com\/football\/ligue-1\/direct-ligue1-suivez-metz-rennes-le-match-d-ouverture-de-la-14e-journee-en-live_LS-202511280709.html\" rel=\"nofollow noopener\" target=\"_blank\" data-ylk=\"slk:&gt;&gt; Revivez Metz-Rennes (0-1);elm:context_link;itc:0;sec:content-canvas\" class=\"link \">&gt;&gt; Revivez Metz-Rennes (0-1)<\/a><\/p>\n<p>Toujours dans la zone rouge<\/p>\n<p class=\"mb-4 text-lg md:leading-8 break-words\">Battu \u00e0 Brest dans les derni\u00e8res secondes la semaine derni\u00e8re, Metz encha\u00eene un deuxi\u00e8me revers de rang en championnat, et reste dans la zone rouge (17e). Tout le contraire de Rennes, qui a poursuivi son redressement spectaculaire en signant son quatri\u00e8me succ\u00e8s de rang. En attendant les autres matches du week-end, le Stade rennais grimpe provisoirement \u00e0 la quatri\u00e8me place du classement avec 24 points.<\/p>\n<p class=\"mb-4 text-lg md:leading-8 break-words\"><a href=\"https:\/\/rmcsport.bfmtv.com\/football\/ligue-1\/metz-rennes-il-n-y-a-pas-de-souci-avec-koffi-l-entraineur-messin-calme-le-jeu-apres-le-comportement-lunaire-de-kouao_AP-202511281023.html#xtor=AL-68\" rel=\"nofollow noopener\" target=\"_blank\" data-ylk=\"slk:Article original publi\u00e9 sur RMC Sport;elm:context_link;itc:0;sec:content-canvas\" class=\"link \">Article original publi\u00e9 sur RMC Sport<\/a><\/p>\n","protected":false},"excerpt":{"rendered":"St\u00e9phane Le Mignan \u00e9teint rapidement l&rsquo;incendie. Apr\u00e8s le comportement lunaire de Koffi Kouao, qui a refus\u00e9 de s&rsquo;\u00e9chauffer,&hellip;\n","protected":false},"author":2,"featured_media":565575,"comment_status":"","ping_status":"","sticky":false,"template":"","format":"standard","meta":{"footnotes":""},"categories":[2821],"tags":[1111,11,829,1777,674,1011,27,68120,12,41632,584,25],"class_list":{"0":"post-565574","1":"post","2":"type-post","3":"status-publish","4":"format-standard","5":"has-post-thumbnail","7":"category-rennes","8":"tag-actu","9":"tag-actualites","10":"tag-bretagne","11":"tag-eu","12":"tag-europe","13":"tag-fr","14":"tag-france","15":"tag-koffi","16":"tag-news","17":"tag-pas-de-probleme","18":"tag-rennes","19":"tag-republique-francaise"},"share_on_mastodon":{"url":"https:\/\/pubeurope.com\/@fr\/115630158952043189","error":""},"_links":{"self":[{"href":"https:\/\/www.europesays.com\/fr\/wp-json\/wp\/v2\/posts\/565574","targetHints":{"allow":["GET"]}}],"collection":[{"href":"https:\/\/www.europesays.com\/fr\/wp-json\/wp\/v2\/posts"}],"about":[{"href":"https:\/\/www.europesays.com\/fr\/wp-json\/wp\/v2\/types\/post"}],"author":[{"embeddable":true,"href":"https:\/\/www.europesays.com\/fr\/wp-json\/wp\/v2\/users\/2"}],"replies":[{"embeddable":true,"href":"https:\/\/www.europesays.com\/fr\/wp-json\/wp\/v2\/comments?post=565574"}],"version-history":[{"count":0,"href":"https:\/\/www.europesays.com\/fr\/wp-json\/wp\/v2\/posts\/565574\/revisions"}],"wp:featuredmedia":[{"embeddable":true,"href":"https:\/\/www.europesays.com\/fr\/wp-json\/wp\/v2\/media\/565575"}],"wp:attachment":[{"href":"https:\/\/www.europesays.com\/fr\/wp-json\/wp\/v2\/media?parent=565574"}],"wp:term":[{"taxonomy":"category","embeddable":true,"href":"https:\/\/www.europesays.com\/fr\/wp-json\/wp\/v2\/categories?post=565574"},{"taxonomy":"post_tag","embeddable":true,"href":"https:\/\/www.europesays.com\/fr\/wp-json\/wp\/v2\/tags?post=565574"}],"curies":[{"name":"wp","href":"https:\/\/api.w.org\/{rel}","templated":true}]}}