{"id":565578,"date":"2025-11-29T00:30:18","date_gmt":"2025-11-29T00:30:18","guid":{"rendered":"https:\/\/www.europesays.com\/fr\/565578\/"},"modified":"2025-11-29T00:30:18","modified_gmt":"2025-11-29T00:30:18","slug":"previsions-du-samedi-29-novembre-2025-2","status":"publish","type":"post","link":"https:\/\/www.europesays.com\/fr\/565578\/","title":{"rendered":"pr\u00e9visions du samedi 29 novembre 2025"},"content":{"rendered":"<p>Aujourd&rsquo;hui, les valeurs seront comprises entre 6 et 10\u00b0C \u00e0 Strasbourg. Une petite brise de sud soufflera. Le matin, le soleil sera dissimul\u00e9 derri\u00e8re des nuages. Les temp\u00e9ratures seront de 6\u00b0C au minimum et de 8\u00b0C au maximum. L&rsquo;apr\u00e8s-midi, le vent va progressivement \u00e9loigner la grisaille. Les valeurs s&rsquo;\u00e9chelonneront entre 7\u00b0C et 10\u00b0C. Les temp\u00e9ratures afficheront entre 6 et 7\u00b0C pendant la soir\u00e9e. Un ciel d\u00e9pourvu de nuages est pr\u00e9vu dans la nuit reliant samedi et dimanche.<\/p>\n<p>Demain, \u00e0 Strasbourg, des nuages \u00e9mailleront le ciel, retardant ainsi l&rsquo;arriv\u00e9e du soleil. Intemp\u00e9ries : on annonce de la bruine. Les temp\u00e9ratures vont baisser de quelques degr\u00e9s. On pr\u00e9voit des valeurs avoisinant 6\u00b0C. Un modeste vent de sud sera ressenti par les habitants. Les temp\u00e9ratures seront comprises entre 6 et 7\u00b0C le matin. Les maximales atteindront les 7\u00b0C dans l&rsquo;apr\u00e8s-midi et les minimales seront de 6\u00b0C. Le ciel va quelque peu se d\u00e9gager dans la soir\u00e9e avec des \u00e9claircies. Les valeurs iront de 5 \u00e0 6\u00b0C.<\/p>\n<p>Une am\u00e9lioration est attendue les jours suivants. Pr\u00e9voyez 6\u00b0C en moyenne qui accompagneront des journ\u00e9es ensoleill\u00e9es.<\/p>\n<p><\/p>\n","protected":false},"excerpt":{"rendered":"Aujourd&rsquo;hui, les valeurs seront comprises entre 6 et 10\u00b0C \u00e0 Strasbourg. Une petite brise de sud soufflera. Le&hellip;\n","protected":false},"author":2,"featured_media":565579,"comment_status":"","ping_status":"","sticky":false,"template":"","format":"standard","meta":{"footnotes":""},"categories":[2820],"tags":[1111,11,1777,674,1011,27,775,12,2119,25,640],"class_list":{"0":"post-565578","1":"post","2":"type-post","3":"status-publish","4":"format-standard","5":"has-post-thumbnail","7":"category-strasbourg","8":"tag-actu","9":"tag-actualites","10":"tag-eu","11":"tag-europe","12":"tag-fr","13":"tag-france","14":"tag-grand-est","15":"tag-news","16":"tag-previsions-meteo","17":"tag-republique-francaise","18":"tag-strasbourg"},"share_on_mastodon":{"url":"https:\/\/pubeurope.com\/@fr\/115630166698141219","error":""},"_links":{"self":[{"href":"https:\/\/www.europesays.com\/fr\/wp-json\/wp\/v2\/posts\/565578","targetHints":{"allow":["GET"]}}],"collection":[{"href":"https:\/\/www.europesays.com\/fr\/wp-json\/wp\/v2\/posts"}],"about":[{"href":"https:\/\/www.europesays.com\/fr\/wp-json\/wp\/v2\/types\/post"}],"author":[{"embeddable":true,"href":"https:\/\/www.europesays.com\/fr\/wp-json\/wp\/v2\/users\/2"}],"replies":[{"embeddable":true,"href":"https:\/\/www.europesays.com\/fr\/wp-json\/wp\/v2\/comments?post=565578"}],"version-history":[{"count":0,"href":"https:\/\/www.europesays.com\/fr\/wp-json\/wp\/v2\/posts\/565578\/revisions"}],"wp:featuredmedia":[{"embeddable":true,"href":"https:\/\/www.europesays.com\/fr\/wp-json\/wp\/v2\/media\/565579"}],"wp:attachment":[{"href":"https:\/\/www.europesays.com\/fr\/wp-json\/wp\/v2\/media?parent=565578"}],"wp:term":[{"taxonomy":"category","embeddable":true,"href":"https:\/\/www.europesays.com\/fr\/wp-json\/wp\/v2\/categories?post=565578"},{"taxonomy":"post_tag","embeddable":true,"href":"https:\/\/www.europesays.com\/fr\/wp-json\/wp\/v2\/tags?post=565578"}],"curies":[{"name":"wp","href":"https:\/\/api.w.org\/{rel}","templated":true}]}}