{"id":565580,"date":"2025-11-29T00:32:18","date_gmt":"2025-11-29T00:32:18","guid":{"rendered":"https:\/\/www.europesays.com\/fr\/565580\/"},"modified":"2025-11-29T00:32:18","modified_gmt":"2025-11-29T00:32:18","slug":"ce-que-changent-les-nouveaux-arrets-de-la-cour-de-cassation-notamment-pour-nice","status":"publish","type":"post","link":"https:\/\/www.europesays.com\/fr\/565580\/","title":{"rendered":"ce que changent les nouveaux arr\u00eats de la Cour de cassation, notamment pour Nice"},"content":{"rendered":"<p><strong>La Cour de cassation a\u00a0rendu vendredi plusieurs arr\u00eats tr\u00e8s attendus pr\u00e9cisant qui peut obtenir le statut de \u00ab\u00a0victimes d\u2019actes de terrorisme\u00a0\u00bb, une d\u00e9finition d\u00e9sormais affin\u00e9e qui vaudra aussi bien pour les cours d\u2019assises jugeant les attentats que pour les demandes d\u2019indemnisation.<\/strong><\/p>\n<p>Cette clarification juridique rev\u00eat un enjeu financier majeur dans le cadre des attentats de masse qu\u2019a connus la France en 2015 et 2016, alors que pr\u00e8s de 1.500 parties civiles avaient \u00e9t\u00e9 admises lors du proc\u00e8s de l\u2019attentat de\u00a0Nice.<\/p>\n<p>La plus haute juridiction fran\u00e7aise avait \u00e9tudi\u00e9 le 10 octobre, en assembl\u00e9e pl\u00e9ni\u00e8re, sa formation la plus solennelle r\u00e9unie pour trancher des questions importantes de jurisprudence, trois pourvois d\u00e9pos\u00e9s par des parties civiles des attentats du Bataclan et de la promenade des Anglais.<\/p>\n<p>Bien que ces personnes aient \u00e9t\u00e9 reconnues comme victimes par les cours d\u2019assises ayant jug\u00e9 ces affaires, leurs requ\u00eates d\u2019indemnisation aupr\u00e8s du Fonds de garantie des victimes d\u2019actes de terrorisme et autres infractions (FGTI) avaient \u00e9t\u00e9 rejet\u00e9es par le juge civil, qui appliquait des crit\u00e8res plus stricts.<\/p>\n<p>Attentats de Nice et du Bataclan\u00a0: la Cour de cassation pr\u00e9cise la notion de victime pour l\u2019indemnisation<\/p>\n<p>Dans sa d\u00e9cision rendue vendredi, la Cour de cassation confirme l\u2019autonomie du dispositif d\u2019indemnisation des victimes d\u2019attentats, mais \u00ab\u00a0tend \u00e0\u00a0uniformiser les crit\u00e8res appliqu\u00e9s par le juge civil et le juge p\u00e9nal pour reconna\u00eetre \u00e0\u00a0une personne la qualit\u00e9 de victime d\u2019un acte de terrorisme\u00a0\u00bb, explique-t-elle dans un communiqu\u00e9.<\/p>\n<p>Est ainsi qualifi\u00e9e de \u00ab\u00a0victime d\u2019un acte de terrorisme\u00a0\u00bb toute personne \u00ab\u00a0qui a\u00a0\u00e9t\u00e9 directement expos\u00e9e \u00e0\u00a0un p\u00e9ril objectif de mort ou d\u2019atteinte corporelle\u00a0\u00bb ou qui, se trouvant \u00e0\u00a0proximit\u00e9, \u00ab\u00a0a pu l\u00e9gitimement se croire expos\u00e9e \u00e0\u00a0ce p\u00e9ril\u00a0\u00bb au moment des\u00a0faits.<\/p>\n<p>\u00c0 partir de ces crit\u00e8res, la Cour de cassation a\u00a0rejet\u00e9 les pourvois de deux familles qui se trouvaient \u00e0\u00a0proximit\u00e9 mais non au c\u0153ur de l\u2019attentat du 14 juillet 2016 \u00e0\u00a0Nice, lorsqu\u2019un Tunisien avait lanc\u00e9 un camion sur la foule rassembl\u00e9e sur la promenade des Anglais, causant 86 morts et des centaines de bless\u00e9s.<\/p>\n<p>Situ\u00e9s \u00e0\u00a0environ deux cents m\u00e8tres au del\u00e0 de l\u2019endroit o\u00f9 le v\u00e9hicule avait finalement \u00e9t\u00e9 immobilis\u00e9 par une panne m\u00e9canique, ces requ\u00e9rants \u00ab\u00a0n\u2019ont pu voir celui-ci passer \u00e0\u00a0c\u00f4t\u00e9 d\u2019eux\u00a0\u00bb et leurs pr\u00e9judices \u00ab\u00a0r\u00e9sultent d\u2019un mouvement de foule li\u00e9 \u00e0\u00a0la panique\u00a0\u00bb.<\/p>\n<p>\u00c0 l\u2019inverse, une habitante du Bataclan a\u00a0obtenu la cassation de l\u2019arr\u00eat de la cour d\u2019appel de Paris qui avait rejet\u00e9 sa demande d\u2019indemnisation, son immeuble situ\u00e9 en face de la salle de concert ayant \u00e9t\u00e9 pris pour cible par les tirs des jihadistes le 13 novembre 2015, au cours desquels un occupant du premier \u00e9tage avait \u00e9t\u00e9\u00a0tu\u00e9.<\/p>\n<p><a href=\"https:\/\/www.nice.fr\/noel-a-nice\/\" data-wpel-link=\"external\" target=\"_blank\" rel=\"external noopener noreferrer\"><img loading=\"lazy\" decoding=\"async\" width=\"300\" height=\"300\" src=\"https:\/\/www.europesays.com\/fr\/wp-content\/uploads\/2025\/11\/NoelNice_Coeur-Article-NicePresse-300x300-2.png\" alt=\"\" class=\"wp-image-260426\"\/><\/a><\/p>\n<p>R\u00e9sidant au deuxi\u00e8me \u00e9tage, la demandeuse avait observ\u00e9 une partie de l\u2019attaque depuis ses fen\u00eatres, sans \u00eatre atteinte par des balles apr\u00e8s avoir \u00e9teint les lumi\u00e8res et s\u2019\u00eatre r\u00e9fugi\u00e9e dans un placard.<\/p>\n<p>Consid\u00e9rant qu\u2019elle ne doit peut \u00eatre sa survie qu\u2019\u00e0 ces r\u00e9flexes, la Cour de cassation estime que cette voisine a\u00a0\u00e9t\u00e9 \u00ab\u00a0directement expos\u00e9e \u00e0\u00a0un p\u00e9ril objectif de mort ou d\u2019atteinte corporelle\u00a0\u00bb.<\/p>\n<ul class=\"wp-block-list\">\n<li><strong>Ce qu\u2019il faut retenir\u00a0:<\/strong> Ces arr\u00eats pr\u00e9cisent les crit\u00e8res permettant de reconna\u00eetre le statut de victime d\u2019un acte de terrorisme pour l\u2019indemnisation. La Cour de cassation confirme l\u2019autonomie de la proc\u00e9dure tout en rapprochant les analyses du juge p\u00e9nal et du juge civil. Deux familles ni\u00e7oises sont d\u00e9bout\u00e9es tandis qu\u2019une riveraine du Bataclan obtient la cassation du refus de son indemnisation.<\/li>\n<\/ul>\n<p class=\"has-small-font-size\">Avec AFP<\/p>\n","protected":false},"excerpt":{"rendered":"La Cour de cassation a\u00a0rendu vendredi plusieurs arr\u00eats tr\u00e8s attendus pr\u00e9cisant qui peut obtenir le statut de \u00ab\u00a0victimes&hellip;\n","protected":false},"author":2,"featured_media":565581,"comment_status":"","ping_status":"","sticky":false,"template":"","format":"standard","meta":{"footnotes":""},"categories":[2819],"tags":[1111,11,1777,674,1011,27,12,2401,882,25],"class_list":{"0":"post-565580","1":"post","2":"type-post","3":"status-publish","4":"format-standard","5":"has-post-thumbnail","7":"category-nice","8":"tag-actu","9":"tag-actualites","10":"tag-eu","11":"tag-europe","12":"tag-fr","13":"tag-france","14":"tag-news","15":"tag-nice","16":"tag-provence-alpes-cote-dazur","17":"tag-republique-francaise"},"share_on_mastodon":{"url":"https:\/\/pubeurope.com\/@fr\/115630175517874004","error":""},"_links":{"self":[{"href":"https:\/\/www.europesays.com\/fr\/wp-json\/wp\/v2\/posts\/565580","targetHints":{"allow":["GET"]}}],"collection":[{"href":"https:\/\/www.europesays.com\/fr\/wp-json\/wp\/v2\/posts"}],"about":[{"href":"https:\/\/www.europesays.com\/fr\/wp-json\/wp\/v2\/types\/post"}],"author":[{"embeddable":true,"href":"https:\/\/www.europesays.com\/fr\/wp-json\/wp\/v2\/users\/2"}],"replies":[{"embeddable":true,"href":"https:\/\/www.europesays.com\/fr\/wp-json\/wp\/v2\/comments?post=565580"}],"version-history":[{"count":0,"href":"https:\/\/www.europesays.com\/fr\/wp-json\/wp\/v2\/posts\/565580\/revisions"}],"wp:featuredmedia":[{"embeddable":true,"href":"https:\/\/www.europesays.com\/fr\/wp-json\/wp\/v2\/media\/565581"}],"wp:attachment":[{"href":"https:\/\/www.europesays.com\/fr\/wp-json\/wp\/v2\/media?parent=565580"}],"wp:term":[{"taxonomy":"category","embeddable":true,"href":"https:\/\/www.europesays.com\/fr\/wp-json\/wp\/v2\/categories?post=565580"},{"taxonomy":"post_tag","embeddable":true,"href":"https:\/\/www.europesays.com\/fr\/wp-json\/wp\/v2\/tags?post=565580"}],"curies":[{"name":"wp","href":"https:\/\/api.w.org\/{rel}","templated":true}]}}