{"id":565582,"date":"2025-11-29T00:33:13","date_gmt":"2025-11-29T00:33:13","guid":{"rendered":"https:\/\/www.europesays.com\/fr\/565582\/"},"modified":"2025-11-29T00:33:13","modified_gmt":"2025-11-29T00:33:13","slug":"nice-encore-ridiculise-a-porto-lille-explose-le-dinamo-zagreb","status":"publish","type":"post","link":"https:\/\/www.europesays.com\/fr\/565582\/","title":{"rendered":"Nice encore ridiculis\u00e9 \u00e0 Porto, Lille explose le Dinamo Zagreb"},"content":{"rendered":"<p>En Ligue des Champions comme en Ligue Europa, <a href=\"https:\/\/www.footmercato.net\/europe\/uefa-europa-league\/classement\" target=\"_blank\" rel=\"noopener\">les destins commencent \u00e0 prendre forme<\/a>. Certains clubs tracent vers leur route vers le printemps quand d\u2019autres comme <a href=\"https:\/\/www.footmercato.net\/club\/ogc-nice\/\" target=\"_blank\" rel=\"noopener\">Nice<\/a> ne passeront, a priori, pas l\u2019hiver. Face au Porto de leur ancien coach Francesco Farioli, les Aiglons ont fid\u00e8lement respect\u00e9 le folklore local avec une nouvelle d\u00e9faite (3-0), de quoi rester dans le ton habituel (leur 5e revers en 5 matchs de C3 cette saison). Cette fois, ils ont montr\u00e9 leur sens du timing en encaissant un but apr\u00e8s 18 secondes de jeu, une performance rare. Moffi perdait un ballon \u00e0 proximit\u00e9 de sa surface, Abdi et Bard s\u2019illustraient par une parodie d\u2019intervention face \u00e0 Pep\u00ea, et Veiga, soigneusement oubli\u00e9, ajustait Diouf d\u2019un plat du pied d\u00e9vi\u00e9 (1e).<\/p>\n<p>            La suite apr\u00e8s cette publicit\u00e9<\/p>\n<p>\n    Classement g\u00e9n\u00e9ral UEFA Europa League<\/p>\n<p>De son c\u00f4t\u00e9, Terem Moffi avait manifestement du mal \u00e0 choisir son camp. Quand le Nig\u00e9rian n\u2019\u00e9tait pas coupable \u00e0 proximit\u00e9 de son but, il l\u2019\u00e9tait dans la surface adverse par sa maladresse. Tout le contraire de Gabri Veiga, impeccable et clinique dans la zone de v\u00e9rit\u00e9. Trouv\u00e9 apr\u00e8s un joli travail de Froholdt sur le c\u00f4t\u00e9, l\u2019Espagnol entrait dans la d\u00e9fense ni\u00e7oise comme dans du beurre, laissant Clauss et Mendy plant\u00e9s comme deux lampadaires, et terminait du gauche face au pauvre Diouf, laiss\u00e9 \u00e0 l\u2019abandon (33e, 2-0). La messe \u00e9tait dite mais le sort allait encore s\u2019acharner sur Nice. Ce qui ressemblait \u00e0 un coup-franc pour les Aiglons se transformait finalement en un penalty pour Porto apr\u00e8s un contact entre Dante et Samu. L\u2019autre Espagnol de Porto se faisait justice (61e, 3-0) et permettait aux Ni\u00e7ois de franchir un nouveau palier : ils n\u2019\u00e9taient plus 35es, mais bien 36es apr\u00e8s ce but. Kevin Carlos trouvait le moyen d\u2019envoyer le ballon au-dessus du but (70e), une petite contribution de plus \u00e0 la d\u00e9b\u00e2cle g\u00e9n\u00e9rale de Nice. <\/p>\n<p>        Lille peut continuer de caresser le r\u00eave d\u2019un top 8<\/p>\n<p>Pour le football fran\u00e7ais, l\u2019unique coin de ciel bleu de 18h45 est donc venu de <a href=\"https:\/\/www.footmercato.net\/club\/losc\/\" target=\"_blank\" rel=\"noopener\">Lille<\/a>, seul \u00e0 \u00e9clairer une soir\u00e9e autrement bien grise. Les Dogues ont fait le m\u00e9tier en triomphant du Dinamo Zagreb (4-0), sans trop de soucis. Si Bakrar s\u2019\u00e9tait vu refuser un but de la t\u00eate pour une poussette sur Meunier assez t\u00f4t dans le match (7e), les hommes de Genesio se sont vite remis la t\u00eate \u00e0 l\u2019endroit. Correia a confirm\u00e9 l\u2019adage selon lequel l\u2019appel d\u00e9clenche la passe, et pas l\u2019inverse. Le Portugais se fendait d\u2019une acc\u00e9l\u00e9ration de dragster dans le dos de la d\u00e9fense croate, et concluait d\u2019un plat du pied apr\u00e8s une sucrerie d\u2019Haraldsson dans l\u2019intervalle (21e, 1-0).<\/p>\n<p>            La suite apr\u00e8s cette publicit\u00e9<\/p>\n<p>Proche de faire le break sur un nouveau centre de l\u2019inoxydable Perraud, Igamane endossait finalement le costume du passeur pour Mukau. Il crochetait vers l\u2019int\u00e9rieur dans la surface et trouvait le Congolais, froid comme la glace devant Filipovic (36e, 2-0). Le Marocain g\u00e2chait ensuite une grosse occasion, mais se rachetait vite d\u2019un plat du pied sur une nouvelle offrande d\u2019Haraldsson (69e, 3-0). Andr\u00e9 finissait le travail apr\u00e8s une frappe mal repouss\u00e9e d\u2019Ethan Mbapp\u00e9 (86e, 4-0). Lille est provisoirement 7e et peut encore r\u00eaver d\u2019une qualification directe pour la phase finale. Dans les autres rencontres, le leader Midtjylland a \u00e9t\u00e9 battu par la Roma apr\u00e8s avoir remport\u00e9 ses quatre premiers matchs (2-1). Aston Villa a fait le job face aux Young Boys (2-1), tandis que Robin van Persie a fait entrer son fils Shaqueel lors de la d\u00e9faite de Feyenoord contre le Celtic Glasgow (1-3). <\/p>\n<p>        Tous les r\u00e9sultats de 18h45 en Ligue Europa<\/p>\n<ul>\n<li><strong>AS Roma<\/strong> 2-1 Midtjylland : El Aynaoui (7e), El Shaarawy (83e) pour la Roma ; Paulinho (87e) pour Midtjylland<\/li>\n<li><strong>Aston Villa<\/strong> 2-0 Young Boys : Malen (27e, 42e) pour Aston Villa ; Monteiro pour les Young Boys<\/li>\n<li><strong>Porto<\/strong> 3-0 Nice : Veiga (1e, 33e), Samu (61e)<\/li>\n<li>Fenerbah\u00e7e 1-1 Ferencvaros : Talisca (69e) pour Fenerbah\u00e7e ; Varga (66e) pour Ferencvaros<\/li>\n<li>Feyenoord 1-3 <strong>Celtic Glasgow<\/strong> : Ueda (11e) pour Feyenoord ; Yang Huyn-Jun (31e), Hatate (43e), Nygren (82e) pour le Celtic<\/li>\n<li><strong>Lille<\/strong> 4-0 Dinamo Zagreb : Correia (21e), Mukau (36e), Igamane (69e), Andr\u00e9 (86e)<\/li>\n<li><strong>Ludogorets<\/strong> 3-2 Celta de Vigo : Stanic (11e, sp, 49e, 62e) pour Ludogorets ; Duran (70e), El Abdellaoui (90+6e) pour Vigo<\/li>\n<li>PAOK 1-1 Brann : Ivanusec (64e) pour le PAOK ; Kornvig (89e) pour Brann<\/li>\n<li>Plzen 0-0 Fribourg<\/li>\n<\/ul>\n<p>\n    Pub. le 27\/11\/2025 20:43<br \/>\n            &#8211; MAJ le 28\/11\/2025 23:44\n    <\/p>\n","protected":false},"excerpt":{"rendered":"En Ligue des Champions comme en Ligue Europa, les destins commencent \u00e0 prendre forme. Certains clubs tracent vers&hellip;\n","protected":false},"author":2,"featured_media":565583,"comment_status":"","ping_status":"","sticky":false,"template":"","format":"standard","meta":{"footnotes":""},"categories":[2819],"tags":[1111,11,1777,674,1011,27,12,2401,882,25],"class_list":{"0":"post-565582","1":"post","2":"type-post","3":"status-publish","4":"format-standard","5":"has-post-thumbnail","7":"category-nice","8":"tag-actu","9":"tag-actualites","10":"tag-eu","11":"tag-europe","12":"tag-fr","13":"tag-france","14":"tag-news","15":"tag-nice","16":"tag-provence-alpes-cote-dazur","17":"tag-republique-francaise"},"share_on_mastodon":{"url":"https:\/\/pubeurope.com\/@fr\/115630178633778884","error":""},"_links":{"self":[{"href":"https:\/\/www.europesays.com\/fr\/wp-json\/wp\/v2\/posts\/565582","targetHints":{"allow":["GET"]}}],"collection":[{"href":"https:\/\/www.europesays.com\/fr\/wp-json\/wp\/v2\/posts"}],"about":[{"href":"https:\/\/www.europesays.com\/fr\/wp-json\/wp\/v2\/types\/post"}],"author":[{"embeddable":true,"href":"https:\/\/www.europesays.com\/fr\/wp-json\/wp\/v2\/users\/2"}],"replies":[{"embeddable":true,"href":"https:\/\/www.europesays.com\/fr\/wp-json\/wp\/v2\/comments?post=565582"}],"version-history":[{"count":0,"href":"https:\/\/www.europesays.com\/fr\/wp-json\/wp\/v2\/posts\/565582\/revisions"}],"wp:featuredmedia":[{"embeddable":true,"href":"https:\/\/www.europesays.com\/fr\/wp-json\/wp\/v2\/media\/565583"}],"wp:attachment":[{"href":"https:\/\/www.europesays.com\/fr\/wp-json\/wp\/v2\/media?parent=565582"}],"wp:term":[{"taxonomy":"category","embeddable":true,"href":"https:\/\/www.europesays.com\/fr\/wp-json\/wp\/v2\/categories?post=565582"},{"taxonomy":"post_tag","embeddable":true,"href":"https:\/\/www.europesays.com\/fr\/wp-json\/wp\/v2\/tags?post=565582"}],"curies":[{"name":"wp","href":"https:\/\/api.w.org\/{rel}","templated":true}]}}