{"id":565584,"date":"2025-11-29T00:34:34","date_gmt":"2025-11-29T00:34:34","guid":{"rendered":"https:\/\/www.europesays.com\/fr\/565584\/"},"modified":"2025-11-29T00:34:34","modified_gmt":"2025-11-29T00:34:34","slug":"les-filles-encouragees-a-nantes","status":"publish","type":"post","link":"https:\/\/www.europesays.com\/fr\/565584\/","title":{"rendered":"Les filles encourag\u00e9es \u00e0 Nantes"},"content":{"rendered":"<p>                            <strong>Du 1er au 5 d\u00e9cembre, une mobilisation nationale est organis\u00e9e en France. Elle vise \u00e0 encourager les coll\u00e9giennes et lyc\u00e9ennes \u00e0 choisir un m\u00e9tier scientifique, technique ou technologique. 43 rendez-vous sont pr\u00e9vus dans l\u2019Acad\u00e9mie de Nantes.<\/strong><\/p>\n<p>La 5e \u00e9dition d\u2019Elles bougent pour l\u2019orientation tentera de convaincre plus de 35 000 coll\u00e9giennes et lyc\u00e9ennes d\u2019opter pour les sciences et les technologies. En Pays de la Loire, 43 \u00e9v\u00e8nements sont programm\u00e9s entre le 1er et le 5 d\u00e9cembre 2025. Une \u00e9dition port\u00e9e par l\u2019association Elles bougent sous le haut patronage du Minist\u00e8re de l\u2019Education Nationale.\u00a0<\/p>\n<p>Plusieurs \u00e9tablissements accueilleront ces temps d\u2019\u00e9change entre \u00e9l\u00e8ves et intervenants dans la r\u00e9gion nantaise. Des lyc\u00e9es et coll\u00e8ges situ\u00e9s \u00e0 Savenay, Bouaye, <strong><a href=\"https:\/\/hellogazettenantes.fr\/linsee-a-la-rencontre-des-habitants-a-nantes\/\" target=\"_blank\" rel=\"noopener\">Nantes<\/a><\/strong>, Thouar\u00e9-sur-Loire, Orvault et Saint-Herblain et Saint-S\u00e9bastien-sur-Loire.\u00a0            <\/p>\n<p><img decoding=\"async\" alt=\"Advertisement\" src=\"data:image\/svg+xml,%3Csvg%20xmlns=\" http:=\"\" data-lazy-src=\"https:\/\/www.europesays.com\/fr\/wp-content\/uploads\/2025\/04\/Application-mobile-hello-gazette-nantes.gif\"\/><\/p>\n","protected":false},"excerpt":{"rendered":"Du 1er au 5 d\u00e9cembre, une mobilisation nationale est organis\u00e9e en France. Elle vise \u00e0 encourager les coll\u00e9giennes&hellip;\n","protected":false},"author":2,"featured_media":565585,"comment_status":"","ping_status":"","sticky":false,"template":"","format":"standard","meta":{"footnotes":""},"categories":[2818],"tags":[1111,11,1777,674,1011,27,766,12,2636,25],"class_list":{"0":"post-565584","1":"post","2":"type-post","3":"status-publish","4":"format-standard","5":"has-post-thumbnail","7":"category-nantes","8":"tag-actu","9":"tag-actualites","10":"tag-eu","11":"tag-europe","12":"tag-fr","13":"tag-france","14":"tag-nantes","15":"tag-news","16":"tag-pays-de-la-loire","17":"tag-republique-francaise"},"share_on_mastodon":{"url":"https:\/\/pubeurope.com\/@fr\/115630182519387000","error":""},"_links":{"self":[{"href":"https:\/\/www.europesays.com\/fr\/wp-json\/wp\/v2\/posts\/565584","targetHints":{"allow":["GET"]}}],"collection":[{"href":"https:\/\/www.europesays.com\/fr\/wp-json\/wp\/v2\/posts"}],"about":[{"href":"https:\/\/www.europesays.com\/fr\/wp-json\/wp\/v2\/types\/post"}],"author":[{"embeddable":true,"href":"https:\/\/www.europesays.com\/fr\/wp-json\/wp\/v2\/users\/2"}],"replies":[{"embeddable":true,"href":"https:\/\/www.europesays.com\/fr\/wp-json\/wp\/v2\/comments?post=565584"}],"version-history":[{"count":0,"href":"https:\/\/www.europesays.com\/fr\/wp-json\/wp\/v2\/posts\/565584\/revisions"}],"wp:featuredmedia":[{"embeddable":true,"href":"https:\/\/www.europesays.com\/fr\/wp-json\/wp\/v2\/media\/565585"}],"wp:attachment":[{"href":"https:\/\/www.europesays.com\/fr\/wp-json\/wp\/v2\/media?parent=565584"}],"wp:term":[{"taxonomy":"category","embeddable":true,"href":"https:\/\/www.europesays.com\/fr\/wp-json\/wp\/v2\/categories?post=565584"},{"taxonomy":"post_tag","embeddable":true,"href":"https:\/\/www.europesays.com\/fr\/wp-json\/wp\/v2\/tags?post=565584"}],"curies":[{"name":"wp","href":"https:\/\/api.w.org\/{rel}","templated":true}]}}