{"id":565586,"date":"2025-11-29T00:35:51","date_gmt":"2025-11-29T00:35:51","guid":{"rendered":"https:\/\/www.europesays.com\/fr\/565586\/"},"modified":"2025-11-29T00:35:51","modified_gmt":"2025-11-29T00:35:51","slug":"a-nantes-la-region-reclame-590-000-euros-de-penalites-au-transporteur-keolis-en-greve-perlee-tous-les-vendredis","status":"publish","type":"post","link":"https:\/\/www.europesays.com\/fr\/565586\/","title":{"rendered":"A Nantes, la R\u00e9gion r\u00e9clame 590.000 euros de p\u00e9nalit\u00e9s au transporteur Keolis en gr\u00e8ve perl\u00e9e tous les vendredis"},"content":{"rendered":"<p>Depuis un an, certaines lignes du r\u00e9seau Keolis autour de Nantes sont perturb\u00e9es par une gr\u00e8ve perl\u00e9e tous les vendredis. L&rsquo;entreprise op\u00e8re pour le compte de la r\u00e9gion Pays de la Loire qui la met en demeure de lui payer 590.000 euros de p\u00e9nalit\u00e9s.  <\/p>\n<p>Un an que le conflit dure en interne sur les conditions de travail. R\u00e9sultat\u00a0: tous les vendredis, certaines lignes de transport de la <strong>soci\u00e9t\u00e9 K\u00e9olis<\/strong> sont perturb\u00e9es autour de Nantes par une gr\u00e8ve perl\u00e9e des salari\u00e9s. L&rsquo;entreprise op\u00e8re pour le compte de la r\u00e9gion Pays de la Loire qui tape, ce vendredi\u00a0 28 novembre, du poing sur la table. Keolis est mis en demeure de payer <strong>des p\u00e9nalit\u00e9s<\/strong> \u00e0 la R\u00e9gion d&rsquo;un montant de 590.000 euros,\u00a0<strong>correspondant aux services non effectu\u00e9s.<\/strong><\/p>\n<p>\u00ab\u00a0D\u00e9fendre les usagers du service public\u00a0\u00bb<\/p>\n<p>\u00ab\u00a0Plusieurs milliers d\u2019usagers semblent \u00eatre la variable d&rsquo;ajustement d&rsquo;un conflit qui s&rsquo;est d\u00e9sormais install\u00e9. Garante du service public, la R\u00e9gion ne peut accepter davantage une telle situation\u00a0\u00bb peut-on lire dans le communiqu\u00e9 du Conseil r\u00e9gional.<\/p>\n<p>\u00ab\u00a0La gr\u00e8ve est un droit, mais elle ne peut pas avoir pour cons\u00e9quence de faire supporter \u00e0 des milliers d\u2019usagers, sans limitation de dur\u00e9e et sans cons\u00e9quences p\u00e9cuniaires, les effets d\u2019un conflit interne. Nous userons de tous les moyens \u00e0 notre disposition pour d\u00e9fendre les usagers du service public\u00a0\u00bb, a d\u00e9clar\u00e9 pour sa part <strong>Roch Brancour, vice-pr\u00e9sident en charge des Transports.<\/strong><\/p>\n","protected":false},"excerpt":{"rendered":"Depuis un an, certaines lignes du r\u00e9seau Keolis autour de Nantes sont perturb\u00e9es par une gr\u00e8ve perl\u00e9e tous&hellip;\n","protected":false},"author":2,"featured_media":565587,"comment_status":"","ping_status":"","sticky":false,"template":"","format":"standard","meta":{"footnotes":""},"categories":[2818],"tags":[1111,11,1777,674,1011,27,766,12,2636,25],"class_list":{"0":"post-565586","1":"post","2":"type-post","3":"status-publish","4":"format-standard","5":"has-post-thumbnail","7":"category-nantes","8":"tag-actu","9":"tag-actualites","10":"tag-eu","11":"tag-europe","12":"tag-fr","13":"tag-france","14":"tag-nantes","15":"tag-news","16":"tag-pays-de-la-loire","17":"tag-republique-francaise"},"share_on_mastodon":{"url":"https:\/\/pubeurope.com\/@fr\/115630190312542086","error":""},"_links":{"self":[{"href":"https:\/\/www.europesays.com\/fr\/wp-json\/wp\/v2\/posts\/565586","targetHints":{"allow":["GET"]}}],"collection":[{"href":"https:\/\/www.europesays.com\/fr\/wp-json\/wp\/v2\/posts"}],"about":[{"href":"https:\/\/www.europesays.com\/fr\/wp-json\/wp\/v2\/types\/post"}],"author":[{"embeddable":true,"href":"https:\/\/www.europesays.com\/fr\/wp-json\/wp\/v2\/users\/2"}],"replies":[{"embeddable":true,"href":"https:\/\/www.europesays.com\/fr\/wp-json\/wp\/v2\/comments?post=565586"}],"version-history":[{"count":0,"href":"https:\/\/www.europesays.com\/fr\/wp-json\/wp\/v2\/posts\/565586\/revisions"}],"wp:featuredmedia":[{"embeddable":true,"href":"https:\/\/www.europesays.com\/fr\/wp-json\/wp\/v2\/media\/565587"}],"wp:attachment":[{"href":"https:\/\/www.europesays.com\/fr\/wp-json\/wp\/v2\/media?parent=565586"}],"wp:term":[{"taxonomy":"category","embeddable":true,"href":"https:\/\/www.europesays.com\/fr\/wp-json\/wp\/v2\/categories?post=565586"},{"taxonomy":"post_tag","embeddable":true,"href":"https:\/\/www.europesays.com\/fr\/wp-json\/wp\/v2\/tags?post=565586"}],"curies":[{"name":"wp","href":"https:\/\/api.w.org\/{rel}","templated":true}]}}