{"id":56559,"date":"2025-04-27T10:07:10","date_gmt":"2025-04-27T10:07:10","guid":{"rendered":"https:\/\/www.europesays.com\/fr\/56559\/"},"modified":"2025-04-27T10:07:10","modified_gmt":"2025-04-27T10:07:10","slug":"bousbecque-quel-avenir-pour-le-site-du-chateau-plus-de-10-me-mis-sur-la-table","status":"publish","type":"post","link":"https:\/\/www.europesays.com\/fr\/56559\/","title":{"rendered":"Bousbecque. Quel avenir pour le site du ch\u00e2teau ? Plus de 10 M\u20ac mis sur la table"},"content":{"rendered":"<p>            Par<br \/>\n        <strong><br \/>\n            <a href=\"https:\/\/actu.fr\/auteur\/nicolas-demollien\" title=\"Consulter tous les articles de Nicolas Demollien\" target=\"_blank\" rel=\"noopener\">Nicolas Demollien<\/a><br \/>\n        <\/strong><\/p>\n<p>        Publi\u00e9 le<\/p>\n<p>            27 avr. 2025 \u00e0 11h00        <\/p>\n<p>C\u2019est une \u00e9tape cl\u00e9 qui vient d\u2019\u00eatre franchie dans la<b> transformation du site du Ch\u00e2teau<\/b> de <a href=\"https:\/\/actu.fr\/hauts-de-france\/bousbecque_59098\" target=\"_blank\" rel=\"noopener\">Bousbecque<\/a> (Nord). Les \u00e9lus de la <a href=\"https:\/\/actu.fr\/tag\/metropole-europeenne-de-lille\" target=\"_blank\" rel=\"noopener\">M\u00e9tropole europ\u00e9enne de Lille<\/a> ont attribu\u00e9\u00a0la concession d\u2019am\u00e9nagement \u00e0 la SEM Ville Renouvel\u00e9e. Un choix strat\u00e9gique qui doit garantir \u00ab\u00a0la r\u00e9alisation d\u2019un quartier durable et inclusif, int\u00e9grant<b> 220 logements<\/b>, un <b>\u00e9quipement communal<\/b>, des<b> espaces naturels pr\u00e9serv\u00e9s<\/b> et une <b>trame verte de 2 hectares<\/b>\u00ab\u00a0, selon la collectivit\u00e9.\u00a0<\/p>\n<p>Comment transformer la friche industrielle du ch\u00e2teau de Bousbecque ?<\/p>\n<p class=\" wall-content\">\u00c0 la crois\u00e9e du centre-ville et des Bords de Lys, le site du Ch\u00e2teau est un ancien ensemble industriel de 6,5 hectares. \u00ab\u00a0Cette friche, inoccup\u00e9e depuis 2009, a \u00e9t\u00e9 acquise en 2016 par l\u2019\u00c9tablissement Public Foncier (EPF) et a fait l\u2019objet d\u2019importants travaux de d\u00e9construction et de d\u00e9pollution en 2024\u00a0\u00bb, rappelle la M\u00e9tropole europ\u00e9enne, qui porte le projet d\u2019am\u00e9nagement avec la Ville. Un projet qui prend forme et ambitionne \u00ab\u00a0de redonner vie \u00e0 ce site en conciliant m\u00e9moire, mixit\u00e9 et d\u00e9veloppement durable\u00a0\u00bb.<\/p>\n<p class=\" wall-content\">Le futur quartier qui va y \u00eatre construit int\u00e9grera la pr\u00e9servation des traces du Ch\u00e2teau tout en proposant <b>une programmation de 220 logements.<\/b><\/p>\n<p class=\" wall-content\">Ils seront r\u00e9partis de mani\u00e8re \u00ab\u00a0\u00e9quilibr\u00e9e\u00a0\u00bb, promet la M\u00e9tropole : 40 % de logements locatifs sociaux et tr\u00e8s sociaux pour r\u00e9pondre aux obligations de la loi Solidarit\u00e9 et Renouvellement Urbain (SRU), 20 % de logements abordables et 40 % de logements libres. Le tout avec une alternance de logements individuels et collectifs, dont 51 % des logements individuels d\u00e9di\u00e9s au logement social.<\/p>\n<p class=\" wall-content\">Le quartier qui accueillera ausi <b>un local d\u2019activit\u00e9s (100m2), un \u00e9quipement communal sous la forme d\u2019une salle des f\u00eates <\/b>et \u00ab\u00a0<b>un espace naturel structurant<\/b> qui viendra renforcer la trame verte du territoire\u00a0\u00bb.<\/p>\n<p class=\" wall-content\">Enfin dans le cadre de la d\u00e9marche Construire un Habitat Innovant collectif et de Qualit\u00e9, le r\u00e9emploi de mat\u00e9riaux du site, l\u2019attention port\u00e9e \u00e0 l\u2019intimit\u00e9 dans les logements ainsi que l\u2019acc\u00e8s facile \u00e0 des activit\u00e9s physiques et sportives du fait de la proximit\u00e9 de la Lys ont \u00e9t\u00e9 mis en avant dans le projet par la commune de Bousbecque.<\/p>\n<p>Respect de l\u2019environnement et du patrimoine<\/p>\n<p class=\" wall-content\">L\u2019ambition de la MEL dans l\u2019am\u00e9nagement du site se veut <b>exemplaire en mati\u00e8re de d\u00e9veloppement durable.<\/b> \u00ab\u00a0Le cadre de vie sera ainsi renforc\u00e9 par l\u2019am\u00e9nagement d\u2019espaces verts de qualit\u00e9, notamment une trame verte de 2 hectares en connexion avec la Lys\u00a0\u00bb.<\/p>\n<p class=\" wall-content\">Avec notamment cette ouverture sur la Lys, la M\u00e9tropole souhaite gr\u00e2ce \u00e0 des am\u00e9nagements paysagers int\u00e9grer la biodiversit\u00e9, ainsi qu\u2019une gestion optimis\u00e9e des ressources avec l\u2019int\u00e9gration d\u2019\u00e9nergies renouvelables et de solutions de mobilit\u00e9 douce. Une gestion durable des eaux pluviales sera \u00e9galement mise en place.<\/p>\n<p class=\" wall-content\">Notons que la SEM Ville Renouvel\u00e9e porte le projet \u00e0 ses frais et risques, c\u2019est-\u00e0-dire qu\u2019elle assume les co\u00fbts et la responsabilit\u00e9 du bon aboutissement de l\u2019op\u00e9ration. Le montant estim\u00e9 de la concession est de plus de 10 millions d\u2019euros.<\/p>\n<p class=\" wall-content\">\u00ab\u00a0Avec cette concession d\u2019am\u00e9nagement, nous poursuivons notre politique ambitieuse de transformation des friches industrielles. \u00c0 travers 200 logements, des \u00e9quipements publics et une trame verte de 2 hectares, nous offrons aux habitants de Bousbecque un cadre de vie repens\u00e9\u00a0\u00bb, se r\u00e9jouit\u00a0Damien Castelain, pr\u00e9sident de la M\u00e9tropole Europ\u00e9enne de Lille.<\/p>\n<p class=\" wall-content\">Suivez toute l\u2019actualit\u00e9 de vos villes et m\u00e9dias favoris en vous inscrivant \u00e0 <a href=\"https:\/\/moncompte.actu.fr\" title=\"D\u00e9couvez Mon Actu\" rel=\"nofollow noopener\" data-trk=\"{&quot;cta&quot;:{&quot;action&quot;:&quot;https:\\\/\\\/moncompte.actu.fr&quot;,&quot;category&quot;:&quot;mon compte&quot;,&quot;from&quot;:&quot;article footer&quot;,&quot;name&quot;:&quot;Mon actu&quot;,&quot;type&quot;:&quot;cta&quot;}}\" target=\"_blank\">Mon Actu<\/a>.<\/p>\n<ul class=\"ac-article-tag wall-content\">\n<li><a href=\"https:\/\/actu.fr\/tag\/metropole-europeenne-de-lille\" data-trk=\"{&quot;cta&quot;:{&quot;action&quot;:&quot;M\\u00e9tropole Europ\\u00e9enne de Lille&quot;,&quot;category&quot;:&quot;tag&quot;,&quot;from&quot;:&quot;article footer&quot;,&quot;name&quot;:&quot;M\\u00e9tropole Europ\\u00e9enne de Lille&quot;,&quot;type&quot;:&quot;cta&quot;}}\" target=\"_blank\" rel=\"noopener\">#M\u00e9tropole Europ\u00e9enne de Lille<\/a><\/li>\n<\/ul>\n","protected":false},"excerpt":{"rendered":"Par Nicolas Demollien Publi\u00e9 le 27 avr. 2025 \u00e0 11h00 C\u2019est une \u00e9tape cl\u00e9 qui vient d\u2019\u00eatre franchie&hellip;\n","protected":false},"author":2,"featured_media":56560,"comment_status":"","ping_status":"","sticky":false,"template":"","format":"standard","meta":{"footnotes":""},"categories":[2815],"tags":[1111,11,1777,674,1011,27,811,1307,4863,12,25,104],"class_list":{"0":"post-56559","1":"post","2":"type-post","3":"status-publish","4":"format-standard","5":"has-post-thumbnail","7":"category-lille","8":"tag-actu","9":"tag-actualites","10":"tag-eu","11":"tag-europe","12":"tag-fr","13":"tag-france","14":"tag-hauts-de-france","15":"tag-lille","16":"tag-metropole-europeenne-de-lille","17":"tag-news","18":"tag-republique-francaise","19":"tag-societe"},"share_on_mastodon":{"url":"https:\/\/pubeurope.com\/@fr\/114409376896569114","error":""},"_links":{"self":[{"href":"https:\/\/www.europesays.com\/fr\/wp-json\/wp\/v2\/posts\/56559","targetHints":{"allow":["GET"]}}],"collection":[{"href":"https:\/\/www.europesays.com\/fr\/wp-json\/wp\/v2\/posts"}],"about":[{"href":"https:\/\/www.europesays.com\/fr\/wp-json\/wp\/v2\/types\/post"}],"author":[{"embeddable":true,"href":"https:\/\/www.europesays.com\/fr\/wp-json\/wp\/v2\/users\/2"}],"replies":[{"embeddable":true,"href":"https:\/\/www.europesays.com\/fr\/wp-json\/wp\/v2\/comments?post=56559"}],"version-history":[{"count":0,"href":"https:\/\/www.europesays.com\/fr\/wp-json\/wp\/v2\/posts\/56559\/revisions"}],"wp:featuredmedia":[{"embeddable":true,"href":"https:\/\/www.europesays.com\/fr\/wp-json\/wp\/v2\/media\/56560"}],"wp:attachment":[{"href":"https:\/\/www.europesays.com\/fr\/wp-json\/wp\/v2\/media?parent=56559"}],"wp:term":[{"taxonomy":"category","embeddable":true,"href":"https:\/\/www.europesays.com\/fr\/wp-json\/wp\/v2\/categories?post=56559"},{"taxonomy":"post_tag","embeddable":true,"href":"https:\/\/www.europesays.com\/fr\/wp-json\/wp\/v2\/tags?post=56559"}],"curies":[{"name":"wp","href":"https:\/\/api.w.org\/{rel}","templated":true}]}}