{"id":565590,"date":"2025-11-29T00:38:15","date_gmt":"2025-11-29T00:38:15","guid":{"rendered":"https:\/\/www.europesays.com\/fr\/565590\/"},"modified":"2025-11-29T00:38:15","modified_gmt":"2025-11-29T00:38:15","slug":"previsions-du-samedi-29-novembre-2025-3","status":"publish","type":"post","link":"https:\/\/www.europesays.com\/fr\/565590\/","title":{"rendered":"pr\u00e9visions du samedi 29 novembre 2025"},"content":{"rendered":"<p>Le soleil peinera \u00e0 percer au milieu des nuages qui persisteront sur Bordeaux dans la journ\u00e9e. Des pluies \u00e9parses sont attendues. Il fera environ 11\u00b0C. Un vent de sud soufflera doucement. Les temp\u00e9ratures s&rsquo;\u00e9chelonneront entre 9 et 12\u00b0C pendant la matin\u00e9e. La grisaille ne se dissipe toujours pas, il va y avoir encore des nuages l&rsquo;apr\u00e8s-midi. Les valeurs s&rsquo;\u00e9chelonneront de 11 \u00e0 12\u00b0C. Toujours de la grisaille le soir. Les nuages vont s&rsquo;attarder. De la pluie va tomber. On pr\u00e9voit des temp\u00e9ratures d&rsquo;environ 10\u00b0C. On pr\u00e9voit une nuit claire entre samedi et dimanche.<\/p>\n<p>Les nuages en pr\u00e9vision demain, \u00e0 Bordeaux, et un ciel encore maussade. La m\u00e9t\u00e9o sera ponctu\u00e9e par des pluies \u00e9parses. Une chute des temp\u00e9ratures est attendue. Les valeurs seront comprises entre 5 et 12\u00b0C. Un vent de nord rafra\u00eechira un peu l&rsquo;atmosph\u00e8re. On observera la pr\u00e9sence persistante de nuages le matin. Les temp\u00e9ratures seront de 8\u00b0C au plus bas et de 11\u00b0C au plus haut. L&rsquo;apr\u00e8s-midi va rester voil\u00e9 \u00e0 cause de nuages qui se maintiennent dans le ciel. Les valeurs afficheront entre 8 et 12\u00b0C. Le temps devrait s&rsquo;am\u00e9liorer durant la soir\u00e9e. Les maximales iront jusqu&rsquo;\u00e0 7\u00b0C et les minimales seront de 6\u00b0C.<\/p>\n<p>Les jours se suivent mais ne se ressemblent pas. Les conditions m\u00e9t\u00e9orologiques seront changeantes les prochains jours. Une d\u00e9gradation est annonc\u00e9e mardi, tandis que la journ\u00e9e de lundi aura \u00e9t\u00e9 ensoleill\u00e9e.<\/p>\n<p><\/p>\n","protected":false},"excerpt":{"rendered":"Le soleil peinera \u00e0 percer au milieu des nuages qui persisteront sur Bordeaux dans la journ\u00e9e. Des pluies&hellip;\n","protected":false},"author":2,"featured_media":565591,"comment_status":"","ping_status":"","sticky":false,"template":"","format":"standard","meta":{"footnotes":""},"categories":[2817],"tags":[1111,11,1997,1777,674,1011,27,12,2219,2119,25],"class_list":{"0":"post-565590","1":"post","2":"type-post","3":"status-publish","4":"format-standard","5":"has-post-thumbnail","7":"category-bordeaux","8":"tag-actu","9":"tag-actualites","10":"tag-bordeaux","11":"tag-eu","12":"tag-europe","13":"tag-fr","14":"tag-france","15":"tag-news","16":"tag-nouvelle-aquitaine","17":"tag-previsions-meteo","18":"tag-republique-francaise"},"share_on_mastodon":{"url":"https:\/\/pubeurope.com\/@fr\/115630198258082814","error":""},"_links":{"self":[{"href":"https:\/\/www.europesays.com\/fr\/wp-json\/wp\/v2\/posts\/565590","targetHints":{"allow":["GET"]}}],"collection":[{"href":"https:\/\/www.europesays.com\/fr\/wp-json\/wp\/v2\/posts"}],"about":[{"href":"https:\/\/www.europesays.com\/fr\/wp-json\/wp\/v2\/types\/post"}],"author":[{"embeddable":true,"href":"https:\/\/www.europesays.com\/fr\/wp-json\/wp\/v2\/users\/2"}],"replies":[{"embeddable":true,"href":"https:\/\/www.europesays.com\/fr\/wp-json\/wp\/v2\/comments?post=565590"}],"version-history":[{"count":0,"href":"https:\/\/www.europesays.com\/fr\/wp-json\/wp\/v2\/posts\/565590\/revisions"}],"wp:featuredmedia":[{"embeddable":true,"href":"https:\/\/www.europesays.com\/fr\/wp-json\/wp\/v2\/media\/565591"}],"wp:attachment":[{"href":"https:\/\/www.europesays.com\/fr\/wp-json\/wp\/v2\/media?parent=565590"}],"wp:term":[{"taxonomy":"category","embeddable":true,"href":"https:\/\/www.europesays.com\/fr\/wp-json\/wp\/v2\/categories?post=565590"},{"taxonomy":"post_tag","embeddable":true,"href":"https:\/\/www.europesays.com\/fr\/wp-json\/wp\/v2\/tags?post=565590"}],"curies":[{"name":"wp","href":"https:\/\/api.w.org\/{rel}","templated":true}]}}