{"id":565594,"date":"2025-11-29T00:40:14","date_gmt":"2025-11-29T00:40:14","guid":{"rendered":"https:\/\/www.europesays.com\/fr\/565594\/"},"modified":"2025-11-29T00:40:14","modified_gmt":"2025-11-29T00:40:14","slug":"previsions-du-samedi-29-novembre-2025-4","status":"publish","type":"post","link":"https:\/\/www.europesays.com\/fr\/565594\/","title":{"rendered":"pr\u00e9visions du samedi 29 novembre 2025"},"content":{"rendered":"<p>Un magnifique soleil va briller sur Toulouse et ce, tout au long de la journ\u00e9e. Les valeurs afficheront entre 5 et 13\u00b0C. Les Toulousains vont avoir froid le matin : les temp\u00e9ratures ne vont pas d\u00e9passer 11\u00b0C. Le thermom\u00e8tre affichera 7\u00b0C en moyenne. Un vent de sud-est soufflera l\u00e9g\u00e8rement, avec 5 km\/h. Les temp\u00e9ratures vont conna\u00eetre une hausse de plusieurs degr\u00e9s durant l&rsquo;apr\u00e8s-midi. Les valeurs seront de 10\u00b0C au minimum et de 13\u00b0C au maximum. On pr\u00e9voit des \u00e9claircies pour cette soir\u00e9e. Il fera environ 10\u00b0C. Durant la nuit de samedi \u00e0 dimanche, le ciel sera limpide.<\/p>\n<p>Demain, c&rsquo;est une hausse de quelques degr\u00e9s que vont enregistrer les temp\u00e9ratures dans la ville de Toulouse. Les valeurs s&rsquo;\u00e9chelonneront entre 8 et 12\u00b0C. Un vent de nord-ouest rafra\u00eechira l\u00e9g\u00e8rement l&rsquo;atmosph\u00e8re. Il faudra pr\u00e9voir des perturbations le matin, les Toulousains se retrouveront sous de la bruine l\u00e9g\u00e8re. Les temp\u00e9ratures seront de 9\u00b0C. Demain apr\u00e8s-midi, le beau temps va peu \u00e0 peu se substituer aux nuages. Les temp\u00e9ratures seront comprises entre 9\u00b0C et 12\u00b0C. Demain soir, on verra l&rsquo;apparition de l\u00e9gers nuages. Les valeurs avoisineront les 8\u00b0C.<\/p>\n<p>Peu d&rsquo;\u00e9volutions pour la suite. Il fera 9\u00b0C en moyenne pour des journ\u00e9es avec un temps ensoleill\u00e9.<\/p>\n<p><\/p>\n","protected":false},"excerpt":{"rendered":"Un magnifique soleil va briller sur Toulouse et ce, tout au long de la journ\u00e9e. Les valeurs afficheront&hellip;\n","protected":false},"author":2,"featured_media":565595,"comment_status":"","ping_status":"","sticky":false,"template":"","format":"standard","meta":{"footnotes":""},"categories":[2816],"tags":[1111,11,1777,674,1011,27,12,2680,2119,25,2312],"class_list":{"0":"post-565594","1":"post","2":"type-post","3":"status-publish","4":"format-standard","5":"has-post-thumbnail","7":"category-toulouse","8":"tag-actu","9":"tag-actualites","10":"tag-eu","11":"tag-europe","12":"tag-fr","13":"tag-france","14":"tag-news","15":"tag-occitanie","16":"tag-previsions-meteo","17":"tag-republique-francaise","18":"tag-toulouse"},"share_on_mastodon":{"url":"https:\/\/pubeurope.com\/@fr\/115630206051243178","error":""},"_links":{"self":[{"href":"https:\/\/www.europesays.com\/fr\/wp-json\/wp\/v2\/posts\/565594","targetHints":{"allow":["GET"]}}],"collection":[{"href":"https:\/\/www.europesays.com\/fr\/wp-json\/wp\/v2\/posts"}],"about":[{"href":"https:\/\/www.europesays.com\/fr\/wp-json\/wp\/v2\/types\/post"}],"author":[{"embeddable":true,"href":"https:\/\/www.europesays.com\/fr\/wp-json\/wp\/v2\/users\/2"}],"replies":[{"embeddable":true,"href":"https:\/\/www.europesays.com\/fr\/wp-json\/wp\/v2\/comments?post=565594"}],"version-history":[{"count":0,"href":"https:\/\/www.europesays.com\/fr\/wp-json\/wp\/v2\/posts\/565594\/revisions"}],"wp:featuredmedia":[{"embeddable":true,"href":"https:\/\/www.europesays.com\/fr\/wp-json\/wp\/v2\/media\/565595"}],"wp:attachment":[{"href":"https:\/\/www.europesays.com\/fr\/wp-json\/wp\/v2\/media?parent=565594"}],"wp:term":[{"taxonomy":"category","embeddable":true,"href":"https:\/\/www.europesays.com\/fr\/wp-json\/wp\/v2\/categories?post=565594"},{"taxonomy":"post_tag","embeddable":true,"href":"https:\/\/www.europesays.com\/fr\/wp-json\/wp\/v2\/tags?post=565594"}],"curies":[{"name":"wp","href":"https:\/\/api.w.org\/{rel}","templated":true}]}}