{"id":565596,"date":"2025-11-29T00:42:46","date_gmt":"2025-11-29T00:42:46","guid":{"rendered":"https:\/\/www.europesays.com\/fr\/565596\/"},"modified":"2025-11-29T00:42:46","modified_gmt":"2025-11-29T00:42:46","slug":"lol-en-tete-de-ligue-europa-strasbourg-dauphin-en-ligue-conference-un-carton-pour-lille-les-clubs-francais-a-la-fete","status":"publish","type":"post","link":"https:\/\/www.europesays.com\/fr\/565596\/","title":{"rendered":"L\u2019OL en t\u00eate de Ligue Europa, Strasbourg dauphin en Ligue Conf\u00e9rence, un carton pour Lille\u00a0: les clubs fran\u00e7ais \u00e0 la f\u00eate"},"content":{"rendered":"<p class=\"paragraph text_align_left lp-f-body-02\">Semaine europ\u00e9enne particuli\u00e8re pour le football fran\u00e7ais. Si tous les repr\u00e9sentants de l\u2019Hexagone ne se sont pas impos\u00e9s en <a href=\"https:\/\/www.leparisien.fr\/sports\/football\/ligue-des-champions\/\" target=\"_self\" rel=\"noopener\">Ligue des champions<\/a>, Ligue Europa et Ligue Conf\u00e9rence, la soir\u00e9e de jeudi a \u00e9t\u00e9 marqu\u00e9e par deux prises de pouvoir. L\u2019Olympique lyonnais s\u2019est port\u00e9 en t\u00eate de la C3 \u00e0 la faveur de leur superbe victoire contre le Maccabi Tel-Aviv (6-0).<\/p>\n<p class=\"paragraph text_align_left lp-f-body-02\">Il s\u2019agit de la quatri\u00e8me victoire de Lyon en cinq journ\u00e9es de phase de ligue. Encore impressionnant, Corentin Tolisso a inscrit un tripl\u00e9 (25e, 51e, 53e). Les Gones ont imit\u00e9 Lille, largement victorieux du Dinamo Zagreb (4-0). Le Losc (11e) est solidement install\u00e9 parmi les barragistes virtuels de Ligue Europa.<\/p>\n<p class=\"paragraph text_align_left lp-f-body-02\">Un \u00e9tage plus bas, Strasbourg a failli imiter Lyon. Le Racing a sign\u00e9 une victoire de prestige contre Crystal Palace (2-1), 5e de Premier League. Gr\u00e2ce \u00e0 ce succ\u00e8s, les Alsaciens comptent d\u00e9sormais 10 points, le m\u00eame total que Samsunspor, leader de Ligue Conf\u00e9rence. Le RCSA est dauphin.<\/p>\n<p>Trois clubs fran\u00e7ais sur trois podiums<\/p>\n<p class=\"paragraph text_align_left lp-f-body-02\">En revanche, le bonnet d\u2019\u00e2ne de la soir\u00e9e est pour l\u2019OGC Nice. Les clubs fran\u00e7ais n\u2019ont pas r\u00e9alis\u00e9 la soir\u00e9e parfaite en raison de la lourde d\u00e9faite ni\u00e7oise \u00e0 Porto. Les Aiglons ont encaiss\u00e9 <a href=\"https:\/\/www.leparisien.fr\/sports\/football\/porto-nice-le-cauchemar-europeen-des-aiglons-continue-louverture-du-score-portugaise-des-la-19e-seconde-en-video-27-11-2025-D7GZFFY5VZFE5KG7RHRZK3OK5U.php\" target=\"_self\" rel=\"noopener\">l\u2019ouverture du score d\u00e8s la 19e seconde de la partie<\/a>. \u00c0 l\u2019arriv\u00e9e, le \u00ab Gym \u00bb s\u2019est inclin\u00e9 de trois buts (3-0). <a href=\"https:\/\/www.leparisien.fr\/sports\/football\/ligue-1\/jai-propose-a-mes-dirigeants-detre-lelectrochoc-franck-haise-le-coach-de-nice-etait-pret-a-parler-dun-depart-apres-marseille-27-11-2025-223ROYG5RVBE7F323DTNTGOUZY.php\" target=\"_self\" rel=\"noopener\">Franck Haise a \u00e9voqu\u00e9 de lui-m\u00eame l\u2019instabilit\u00e9 de sa position<\/a>.<\/p>\n<p class=\"paragraph text_align_left lp-f-body-02\">En Ligue des champions, le Paris Saint-Germain a r\u00e9alis\u00e9 un festival contre Tottenham (5-3), au lendemain de la victoire marseillaise contre Newcastle (2-1). Enfin, l\u2019AS Monaco avait d\u00e9\u00e7u contre les Chypriotes de Paphos (2-2). Paris est dauphin d\u2019Arsenal, ce qui signifie que trois clubs fran\u00e7ais sont sur le podium des trois comp\u00e9titions europ\u00e9ennes.<\/p>\n","protected":false},"excerpt":{"rendered":"Semaine europ\u00e9enne particuli\u00e8re pour le football fran\u00e7ais. Si tous les repr\u00e9sentants de l\u2019Hexagone ne se sont pas impos\u00e9s&hellip;\n","protected":false},"author":2,"featured_media":565597,"comment_status":"","ping_status":"","sticky":false,"template":"","format":"standard","meta":{"footnotes":""},"categories":[2815],"tags":[1111,11,1777,674,63,1011,27,811,1307,12,25,60],"class_list":{"0":"post-565596","1":"post","2":"type-post","3":"status-publish","4":"format-standard","5":"has-post-thumbnail","7":"category-lille","8":"tag-actu","9":"tag-actualites","10":"tag-eu","11":"tag-europe","12":"tag-football","13":"tag-fr","14":"tag-france","15":"tag-hauts-de-france","16":"tag-lille","17":"tag-news","18":"tag-republique-francaise","19":"tag-sports"},"share_on_mastodon":{"url":"https:\/\/pubeurope.com\/@fr\/115630213886401772","error":""},"_links":{"self":[{"href":"https:\/\/www.europesays.com\/fr\/wp-json\/wp\/v2\/posts\/565596","targetHints":{"allow":["GET"]}}],"collection":[{"href":"https:\/\/www.europesays.com\/fr\/wp-json\/wp\/v2\/posts"}],"about":[{"href":"https:\/\/www.europesays.com\/fr\/wp-json\/wp\/v2\/types\/post"}],"author":[{"embeddable":true,"href":"https:\/\/www.europesays.com\/fr\/wp-json\/wp\/v2\/users\/2"}],"replies":[{"embeddable":true,"href":"https:\/\/www.europesays.com\/fr\/wp-json\/wp\/v2\/comments?post=565596"}],"version-history":[{"count":0,"href":"https:\/\/www.europesays.com\/fr\/wp-json\/wp\/v2\/posts\/565596\/revisions"}],"wp:featuredmedia":[{"embeddable":true,"href":"https:\/\/www.europesays.com\/fr\/wp-json\/wp\/v2\/media\/565597"}],"wp:attachment":[{"href":"https:\/\/www.europesays.com\/fr\/wp-json\/wp\/v2\/media?parent=565596"}],"wp:term":[{"taxonomy":"category","embeddable":true,"href":"https:\/\/www.europesays.com\/fr\/wp-json\/wp\/v2\/categories?post=565596"},{"taxonomy":"post_tag","embeddable":true,"href":"https:\/\/www.europesays.com\/fr\/wp-json\/wp\/v2\/tags?post=565596"}],"curies":[{"name":"wp","href":"https:\/\/api.w.org\/{rel}","templated":true}]}}