{"id":565630,"date":"2025-11-29T01:05:17","date_gmt":"2025-11-29T01:05:17","guid":{"rendered":"https:\/\/www.europesays.com\/fr\/565630\/"},"modified":"2025-11-29T01:05:17","modified_gmt":"2025-11-29T01:05:17","slug":"air-france-a-annule-35-vols-ce-vendredi-dautres-annulations-a-venir","status":"publish","type":"post","link":"https:\/\/www.europesays.com\/fr\/565630\/","title":{"rendered":"Air France a annul\u00e9 35 vols ce vendredi, d&rsquo;autres annulations \u00e0 venir"},"content":{"rendered":"<p>                    Par<br \/>\n        <strong><br \/>\n            <a href=\"https:\/\/actu.fr\/auteur\/maxime-ponsot\" title=\"Consulter tous les articles de Maxime Ponsot\" target=\"_blank\" rel=\"noopener\">Maxime Ponsot<\/a><br \/>\n                    <\/strong><\/p>\n<p>        Publi\u00e9 le<\/p>\n<p>            28 nov. 2025 \u00e0 23h02        <\/p>\n<p>Comme <a href=\"https:\/\/actu.fr\/occitanie\/toulouse_31555\/airbus-rappel-massif-d-a320-6-000-avions-doivent-arreter-immediatement-les-vols_63506491.html\" target=\"_blank\" rel=\"noopener\">rapport\u00e9 par notre r\u00e9daction d\u2019actu Toulouse<\/a>, Airbus a annonc\u00e9 ce vendredi 28\u00a0novembre 2025 le rappel de quelque 6\u2009000 avions A320, pour remplacer en toute urgence un logiciel de commande vuln\u00e9rable aux radiations solaires, apr\u00e8s un incident fin octobre aux \u00c9tats-Unis.<\/p>\n<p class=\" wall-content\">L\u2019Airbus A320, entr\u00e9 en exploitation en 1988, est l\u2019avion le plus vendu au monde. En septembre, il a d\u00e9tr\u00f4n\u00e9 le monocouloir 737 du constructeur am\u00e9ricain Boeing, dont le premier exemplaire a \u00e9t\u00e9 livr\u00e9 en 1968. \u00c0 la fin septembre, Airbus avait livr\u00e9 12\u2009257 exemplaires de son A320 (versions d\u2019affaires incluses) contre 12\u2009254 exemplaires pour le 737 de Boeing.<\/p>\n<p>Air France a annul\u00e9 35 vols ce vendredi<\/p>\n<p class=\" wall-content\">Air France a indiqu\u00e9 avoir annul\u00e9 35 vols ce vendredi, et \u00eatre en train de compter dans la soir\u00e9e le nombre exact pour samedi. \u00ab\u2009Les clients concern\u00e9s par des annulations sont inform\u00e9s individuellement par SMS et email\u2009\u00bb, a pr\u00e9cis\u00e9 un porte-parole.<\/p>\n<p class=\" wall-content\">American Airlines a indiqu\u00e9 avoir d\u00e9j\u00e0 commenc\u00e9 \u00e0 mettre \u00e0 jour le logiciel de navigation apr\u00e8s avoir re\u00e7u la notification vendredi. Cette compagnie pr\u00e9voit que l\u2019intervention aura \u00e9t\u00e9 effectu\u00e9e sur \u00ab\u2009la grande majorit\u00e9\u2009\u00bb des quelque 340 appareils A320 concern\u00e9s (elle en compte 480 au total) de sa flotte d\u2019ici \u00e0 samedi. \u00ab\u2009Quelques retards\u2009\u00bb seront dus \u00e0 ces ajustements.<\/p>\n<p class=\" wall-content\">\u00c9galement contact\u00e9e par l\u2019AFP, sa rivale am\u00e9ricaine United Airlines a assur\u00e9 ne pas \u00eatre \u00ab\u2009affect\u00e9e\u2009\u00bb par ce d\u00e9faut, sans plus de pr\u00e9cision, bien qu\u2019elle poss\u00e8de plusieurs A320.<br \/>Certaines compagnies sont particuli\u00e8rement touch\u00e9es. La colombienne Avianca, par exemple, estime que 70\u2009% de sa flotte est concern\u00e9e, et entrevoit des \u00ab\u2009perturbations importantes dans les dix jours \u00e0 venir\u2009\u00bb, a-t-elle \u00e9crit dans un communiqu\u00e9. La vente de billets est suspendue jusqu\u2019au 8\u00a0d\u00e9cembre.<\/p>\n<p>\u00ab\u2009La s\u00fbret\u00e9 prime\u2009\u00bb<\/p>\n<p class=\" wall-content\">Le r\u00e9gulateur europ\u00e9en de l\u2019aviation (AESA) a indiqu\u00e9 dans un communiqu\u00e9 avoir \u00e9t\u00e9 inform\u00e9 par Airbus. \u00ab\u2009Ces mesures pourraient causer des perturbations \u00e0 court terme des horaires des vols, et donc des d\u00e9sagr\u00e9ments pour les passagers. Cependant, comme c\u2019est toujours le cas dans l\u2019aviation, la s\u00fbret\u00e9 prime sur tout\u2009\u00bb, a-t-il \u00e9crit.<\/p>\n<p class=\" wall-content\">\n<p>Des radiations solaires<\/p>\n<p class=\" wall-content\">Le groupe a annonc\u00e9 dans un communiqu\u00e9 avoir demand\u00e9 \u00e0 l\u2019ensemble des clients utilisant ce logiciel \u00ab\u2009d\u2019arr\u00eater imm\u00e9diatement les vols\u2009\u00bb apr\u00e8s l\u2019analyse de l\u2019incident technique. Celui-ci remonte au 30\u00a0octobre, sur un vol de JetBlue entre Cancun, au Mexique, et Newark, pr\u00e8s de New York. L\u2019appareil avait d\u00fb se poser en urgence \u00e0 Tampa, en Floride. Sollicit\u00e9 par l\u2019AFP pour commenter l\u2019incident, JetBlue n\u2019a pas donn\u00e9 suite.<\/p>\n<p>Votre r\u00e9gion, votre actu !<\/p>\n<p>Recevez chaque jour les infos qui comptent pour vous.<\/p>\n<p>\t<a href=\"https:\/\/actu.fr\/newsletter\" class=\"ac-btn ac-btn--corner ac-btn--medium ac-btn--blue800\" target=\"_blank\" rel=\"noopener\">S&rsquo;incrire<\/a><\/p>\n<p class=\" wall-content\">L\u2019analyse de l\u2019incident a \u00ab\u2009r\u00e9v\u00e9l\u00e9 que des radiations solaires intenses pourraient corrompre des donn\u00e9es essentielles au fonctionnement des commandes de vol\u2009\u00bb, a rapport\u00e9 le groupe europ\u00e9en. Pour la plupart des avions, le changement de logiciel avec sa version pr\u00e9c\u00e9dente prendra \u00ab\u2009quelques heures\u2009\u00bb. Mais pour quelque 1\u2009000 avions cela impliquera le changement du mat\u00e9riel informatique, \u00ab\u2009ce qui prendra des semaines\u2009\u00bb, a expliqu\u00e9 \u00e0 l\u2019AFP une source proche du dossier.<\/p>\n<p class=\" wall-content\">Il s\u2019agit d\u2019un calculateur profondeur-ailerons (ELAC) fabriqu\u00e9 par Thales. Ce fournisseur d\u2019Airbus a pr\u00e9cis\u00e9 \u00e0 l\u2019AFP qu\u2019il n\u2019\u00e9tait pas responsable du probl\u00e8me. \u00ab\u2009La fonctionnalit\u00e9 dont il est question est port\u00e9e par un logiciel qui n\u2019est pas de responsabilit\u00e9 Thales\u2009\u00bb, a-t-il indiqu\u00e9. Airbus n\u2019a pas pr\u00e9cis\u00e9 quelle entreprise avait con\u00e7u et mettait \u00e0 jour ce logiciel. Le groupe \u00ab\u2009reconna\u00eet que ces recommandations entra\u00eeneront des perturbations op\u00e9rationnelles pour les passagers et les clients\u2009\u00bb.<\/p>\n<p class=\" wall-content\">\u00ab\u2009Nous pr\u00e9sentons nos excuses pour les d\u00e9sagr\u00e9ments caus\u00e9s et travaillerons en \u00e9troite collaboration avec les op\u00e9rateurs, tout en maintenant la s\u00e9curit\u00e9 comme notre priorit\u00e9 absolue et primordiale\u2009\u00bb, ajoute l\u2019avionneur europ\u00e9en.<\/p>\n<p class=\" wall-content\"><strong>(avec AFP)<\/strong><\/p>\n<p class=\" wall-content\">Personnalisez votre actualit\u00e9 en ajoutant vos villes et m\u00e9dias en favori avec <a href=\"https:\/\/moncompte.actu.fr\" title=\"D\u00e9couvez Mon Actu\" rel=\"nofollow noopener\" data-trk=\"{&quot;cta&quot;:{&quot;action&quot;:&quot;https:\\\/\\\/moncompte.actu.fr&quot;,&quot;category&quot;:&quot;mon compte&quot;,&quot;from&quot;:&quot;article footer&quot;,&quot;name&quot;:&quot;Mon actu&quot;,&quot;type&quot;:&quot;cta&quot;}}\" target=\"_blank\">Mon Actu<\/a>.<\/p>\n","protected":false},"excerpt":{"rendered":"Par Maxime Ponsot Publi\u00e9 le 28 nov. 2025 \u00e0 23h02 Comme rapport\u00e9 par notre r\u00e9daction d\u2019actu Toulouse, Airbus&hellip;\n","protected":false},"author":2,"featured_media":565631,"comment_status":"","ping_status":"","sticky":false,"template":"","format":"standard","meta":{"footnotes":""},"categories":[2],"tags":[11,296,36,33,1011,27,12,25,2803],"class_list":{"0":"post-565630","1":"post","2":"type-post","3":"status-publish","4":"format-standard","5":"has-post-thumbnail","7":"category-actualites","8":"tag-actualites","9":"tag-aeronautique","10":"tag-airbus","11":"tag-economie","12":"tag-fr","13":"tag-france","14":"tag-news","15":"tag-republique-francaise","16":"tag-transport"},"share_on_mastodon":{"url":"https:\/\/pubeurope.com\/@fr\/115630304488962723","error":""},"_links":{"self":[{"href":"https:\/\/www.europesays.com\/fr\/wp-json\/wp\/v2\/posts\/565630","targetHints":{"allow":["GET"]}}],"collection":[{"href":"https:\/\/www.europesays.com\/fr\/wp-json\/wp\/v2\/posts"}],"about":[{"href":"https:\/\/www.europesays.com\/fr\/wp-json\/wp\/v2\/types\/post"}],"author":[{"embeddable":true,"href":"https:\/\/www.europesays.com\/fr\/wp-json\/wp\/v2\/users\/2"}],"replies":[{"embeddable":true,"href":"https:\/\/www.europesays.com\/fr\/wp-json\/wp\/v2\/comments?post=565630"}],"version-history":[{"count":0,"href":"https:\/\/www.europesays.com\/fr\/wp-json\/wp\/v2\/posts\/565630\/revisions"}],"wp:featuredmedia":[{"embeddable":true,"href":"https:\/\/www.europesays.com\/fr\/wp-json\/wp\/v2\/media\/565631"}],"wp:attachment":[{"href":"https:\/\/www.europesays.com\/fr\/wp-json\/wp\/v2\/media?parent=565630"}],"wp:term":[{"taxonomy":"category","embeddable":true,"href":"https:\/\/www.europesays.com\/fr\/wp-json\/wp\/v2\/categories?post=565630"},{"taxonomy":"post_tag","embeddable":true,"href":"https:\/\/www.europesays.com\/fr\/wp-json\/wp\/v2\/tags?post=565630"}],"curies":[{"name":"wp","href":"https:\/\/api.w.org\/{rel}","templated":true}]}}