{"id":565662,"date":"2025-11-29T01:29:11","date_gmt":"2025-11-29T01:29:11","guid":{"rendered":"https:\/\/www.europesays.com\/fr\/565662\/"},"modified":"2025-11-29T01:29:11","modified_gmt":"2025-11-29T01:29:11","slug":"une-attaque-russe-de-drones-fait-au-moins-six-blesses-a-kiev","status":"publish","type":"post","link":"https:\/\/www.europesays.com\/fr\/565662\/","title":{"rendered":"une attaque russe de drones fait au moins six bless\u00e9s \u00e0 Kiev"},"content":{"rendered":"<p>\n    De fortes explosions ont r\u00e9veill\u00e9 la capitale ukrainienne dans la nuit de vendredi \u00e0 samedi. La population est appel\u00e9e \u00e0 rejoindre des abris.<\/p>\n<p class=\"fig-paragraph\">Une attaque russe de drones contre la\u00a0<a href=\"https:\/\/www.lefigaro.fr\/tag\/kiev\" target=\"_blank\" rel=\"nofollow noopener\" data-gtm-custom-categorie=\"navigation\" data-gtm-custom-action=\"crossclick\" data-gtm-custom-label=\"Contextuel\" data-gtm-event=\"customEventSPE\">capitale ukrainienne<\/a>\u00a0dans la nuit de vendredi \u00e0 samedi a fait au moins six bless\u00e9s, dont un jeune adolescent, et d\u2019importants d\u00e9g\u00e2ts mat\u00e9riels, ont annonc\u00e9 les autorit\u00e9s.<\/p>\n<p class=\"fig-paragraph\">De fortes explosions ont d\u2019abord \u00e9t\u00e9 entendues vers minuit par des journalistes de l\u2019AFP au centre de Kiev et le maire de la ville, Vitali Klitschko, les a attribu\u00e9es \u00e0 Moscou.<\/p>\n<p>                                            <a class=\"fig-a11y-skip\" href=\"#fig-a11y-skip-main-inarticle\" data-module=\"a11y-skip\" data-context=\"was @visible\"><br \/>\n    Passer la publicit\u00e9<br \/>\n<\/a>            <\/p>\n<p class=\"fig-paragraph\">\u00abSix personnes ont \u00e9t\u00e9 bless\u00e9es dans la capitale \u00e0 la suite d\u2019une attaque de l\u2019ennemi. Trois d\u2019entre eux, dont un enfant de 13 ans ont \u00e9t\u00e9 hospitalis\u00e9s\u00bb, a \u00e9crit l\u2019\u00e9dile sur son compte Telegram, selon un bilan provisoire qui ne cesse d\u2019\u00e9voluer.<\/p>\n<p>                                            \u00abDrones ennemis au-dessus de la ville\u00bb<\/p>\n<p class=\"fig-paragraph\">Au moins deux immeubles r\u00e9sidentiels, dont l\u2019un de 25 \u00e9tages, une maison et des automobiles ont \u00e9galement \u00e9t\u00e9 plus ou moins gravement endommag\u00e9s, dans au moins trois quartiers de la ville, ont pr\u00e9cis\u00e9 M. Klitschko et le chef de l\u2019administration militaire de Kiev, Tymur Tkachenko.<\/p>\n<p class=\"fig-paragraph\">\u00abDes drones ennemis sont au-dessus de la ville et la d\u00e9fense a\u00e9rienne y r\u00e9pond\u00bb, a assur\u00e9 ce responsable sur son compte Telegram.<\/p>\n<p class=\"fig-paragraph\">Il s\u2019agit \u00abde la part des Russes de terroriser purement et simplement la population civile\u00bb, a fustig\u00e9 M. Tkachenko.<\/p>\n","protected":false},"excerpt":{"rendered":"De fortes explosions ont r\u00e9veill\u00e9 la capitale ukrainienne dans la nuit de vendredi \u00e0 samedi. La population est&hellip;\n","protected":false},"author":2,"featured_media":565663,"comment_status":"","ping_status":"","sticky":false,"template":"","format":"standard","meta":{"footnotes":""},"categories":[5],"tags":[11,1011,27,131,14,12,28],"class_list":{"0":"post-565662","1":"post","2":"type-post","3":"status-publish","4":"format-standard","5":"has-post-thumbnail","7":"category-international","8":"tag-actualites","9":"tag-fr","10":"tag-france","11":"tag-guerre-en-ukraine","12":"tag-international","13":"tag-news","14":"tag-world"},"share_on_mastodon":{"url":"https:\/\/pubeurope.com\/@fr\/115630402908246186","error":""},"_links":{"self":[{"href":"https:\/\/www.europesays.com\/fr\/wp-json\/wp\/v2\/posts\/565662","targetHints":{"allow":["GET"]}}],"collection":[{"href":"https:\/\/www.europesays.com\/fr\/wp-json\/wp\/v2\/posts"}],"about":[{"href":"https:\/\/www.europesays.com\/fr\/wp-json\/wp\/v2\/types\/post"}],"author":[{"embeddable":true,"href":"https:\/\/www.europesays.com\/fr\/wp-json\/wp\/v2\/users\/2"}],"replies":[{"embeddable":true,"href":"https:\/\/www.europesays.com\/fr\/wp-json\/wp\/v2\/comments?post=565662"}],"version-history":[{"count":0,"href":"https:\/\/www.europesays.com\/fr\/wp-json\/wp\/v2\/posts\/565662\/revisions"}],"wp:featuredmedia":[{"embeddable":true,"href":"https:\/\/www.europesays.com\/fr\/wp-json\/wp\/v2\/media\/565663"}],"wp:attachment":[{"href":"https:\/\/www.europesays.com\/fr\/wp-json\/wp\/v2\/media?parent=565662"}],"wp:term":[{"taxonomy":"category","embeddable":true,"href":"https:\/\/www.europesays.com\/fr\/wp-json\/wp\/v2\/categories?post=565662"},{"taxonomy":"post_tag","embeddable":true,"href":"https:\/\/www.europesays.com\/fr\/wp-json\/wp\/v2\/tags?post=565662"}],"curies":[{"name":"wp","href":"https:\/\/api.w.org\/{rel}","templated":true}]}}