{"id":565716,"date":"2025-11-29T02:10:18","date_gmt":"2025-11-29T02:10:18","guid":{"rendered":"https:\/\/www.europesays.com\/fr\/565716\/"},"modified":"2025-11-29T02:10:18","modified_gmt":"2025-11-29T02:10:18","slug":"la-fete-des-lumieres-perturbee-par-une-greve-des-tcl","status":"publish","type":"post","link":"https:\/\/www.europesays.com\/fr\/565716\/","title":{"rendered":"la F\u00eate des Lumi\u00e8res perturb\u00e9e par une gr\u00e8ve des TCL ?"},"content":{"rendered":"<p itemprop=\"description\"><strong>Juste avant la F\u00eate des Lumi\u00e8res, un important mouvement de gr\u00e8ve pourrait frapper le r\u00e9seau TCL.<\/strong><\/p>\n<p dir=\"ltr\"><strong>Mise \u00e0 jour : un pr\u00e9avis de gr\u00e8ve a bien \u00e9t\u00e9 d\u00e9pos\u00e9 pour les journ\u00e9es du 5, 6 et 7 d\u00e9cembre. De fortes perturbations sont attendues au niveau des m\u00e9tros et des trams. Selon nos informations, il y aurait 100% de gr\u00e9vistes sur la ligne D du m\u00e9tro. Des revendications salariales sont avanc\u00e9es par les syndicats pour justifier ce mouvement qui interviendrait donc en pleine F\u00eate des Lumi\u00e8res.\u00a0\u00a0<\/strong><\/p>\n<p dir=\"ltr\">\u00c0 une semaine de la F\u00eate des Lumi\u00e8res, un gros mouvement de gr\u00e8ve se pr\u00e9pare dans les TCL. Selon nos informations, d\u00e8s le 2 d\u00e9cembre, toutes les lignes de m\u00e9tro pourraient \u00eatre touch\u00e9es, principalement la ligne D, avec en plus des \u00e9quipes d\u2019intervention absentes.<\/p>\n<p dir=\"ltr\">Le mouvement vient des agents eux-m\u00eames, sans passer par les syndicats, ce qui rend la dur\u00e9e de la gr\u00e8ve impossible \u00e0 pr\u00e9voir. En interne, certains estiment que la RATP, qui organise sa premi\u00e8re F\u00eate des Lumi\u00e8res, peine \u00e0 g\u00e9rer ses premi\u00e8res c\u00e9l\u00e9brations lyonnaises accueillant des millions de personnes. \u00ab\u00a0Une excuse serait utilis\u00e9e avec le mouvement social\u00a0\u00bb, nous confie une source. \u00ab\u00a0\u00c7a fait plusieurs jours que \u00e7a monte et rien n\u2019est fait\u00a0\u00bb.<\/p>\n<p dir=\"ltr\">La F\u00eate des Lumi\u00e8res, qui se tient cette ann\u00e9e du 5 au 8 d\u00e9cembre, pourrait donc \u00eatre perturb\u00e9e par cette gr\u00e8ve au sein des TCL. Ce n&rsquo;est d&rsquo;ailleurs pas le premier mouvement pr\u00e9vu \u00e0 cette occasion, puisque <a href=\"https:\/\/www.lyonmag.com\/article\/148522\/aucune-avancee-les-pompiers-seront-de-nouveau-en-greve-en-pleine-fete-des-lumieres-a-lyon\" target=\"_blank\" rel=\"noopener\">les pompiers<\/a> et les policiers ont \u00e9galement pr\u00e9vu de se mobiliser en ce d\u00e9but de mois de d\u00e9cembre.<\/p>\n","protected":false},"excerpt":{"rendered":"Juste avant la F\u00eate des Lumi\u00e8res, un important mouvement de gr\u00e8ve pourrait frapper le r\u00e9seau TCL. Mise \u00e0&hellip;\n","protected":false},"author":2,"featured_media":565717,"comment_status":"","ping_status":"","sticky":false,"template":"","format":"standard","meta":{"footnotes":""},"categories":[1889],"tags":[1111,11,2813,2190,2430,1109,251,1112,2811,1777,674,118,1011,27,1922,1110,1114,2428,2810,12,241,316,25,2812,517,800],"class_list":{"0":"post-565716","1":"post","2":"type-post","3":"status-publish","4":"format-standard","5":"has-post-thumbnail","7":"category-lyon","8":"tag-actu","9":"tag-actualites","10":"tag-article","11":"tag-asvel","12":"tag-auvergne-rhone-alpes","13":"tag-breves","14":"tag-culture","15":"tag-depeches","16":"tag-economique","17":"tag-eu","18":"tag-europe","19":"tag-faits-divers","20":"tag-fr","21":"tag-france","22":"tag-info","23":"tag-informations","24":"tag-infos","25":"tag-lyon","26":"tag-lyonmag","27":"tag-news","28":"tag-ol","29":"tag-politique","30":"tag-republique-francaise","31":"tag-sociale","32":"tag-sport","33":"tag-transports"},"share_on_mastodon":{"url":"https:\/\/pubeurope.com\/@fr\/115630560086311701","error":""},"_links":{"self":[{"href":"https:\/\/www.europesays.com\/fr\/wp-json\/wp\/v2\/posts\/565716","targetHints":{"allow":["GET"]}}],"collection":[{"href":"https:\/\/www.europesays.com\/fr\/wp-json\/wp\/v2\/posts"}],"about":[{"href":"https:\/\/www.europesays.com\/fr\/wp-json\/wp\/v2\/types\/post"}],"author":[{"embeddable":true,"href":"https:\/\/www.europesays.com\/fr\/wp-json\/wp\/v2\/users\/2"}],"replies":[{"embeddable":true,"href":"https:\/\/www.europesays.com\/fr\/wp-json\/wp\/v2\/comments?post=565716"}],"version-history":[{"count":0,"href":"https:\/\/www.europesays.com\/fr\/wp-json\/wp\/v2\/posts\/565716\/revisions"}],"wp:featuredmedia":[{"embeddable":true,"href":"https:\/\/www.europesays.com\/fr\/wp-json\/wp\/v2\/media\/565717"}],"wp:attachment":[{"href":"https:\/\/www.europesays.com\/fr\/wp-json\/wp\/v2\/media?parent=565716"}],"wp:term":[{"taxonomy":"category","embeddable":true,"href":"https:\/\/www.europesays.com\/fr\/wp-json\/wp\/v2\/categories?post=565716"},{"taxonomy":"post_tag","embeddable":true,"href":"https:\/\/www.europesays.com\/fr\/wp-json\/wp\/v2\/tags?post=565716"}],"curies":[{"name":"wp","href":"https:\/\/api.w.org\/{rel}","templated":true}]}}