{"id":565724,"date":"2025-11-29T02:16:32","date_gmt":"2025-11-29T02:16:32","guid":{"rendered":"https:\/\/www.europesays.com\/fr\/565724\/"},"modified":"2025-11-29T02:16:32","modified_gmt":"2025-11-29T02:16:32","slug":"monaco-psg-la-composition-probable-des-parisiens-avec-dembele-mayulu-et-ndjantou-titulaires","status":"publish","type":"post","link":"https:\/\/www.europesays.com\/fr\/565724\/","title":{"rendered":"Monaco-PSG\u00a0: la composition probable des Parisiens avec Demb\u00e9l\u00e9, Mayulu et Ndjantou titulaires"},"content":{"rendered":"<p class=\"paragraph text_align_left lp-f-body-02\">72 heures apr\u00e8s sa victoire spectaculaire en Ligue des champions<a href=\"https:\/\/www.leparisien.fr\/sports\/football\/ligue-des-champions\/psg-tottenham-5-3-dabord-en-carton-paris-cartonne-ensuite-26-11-2025-4N6RUMZUJJD2PDXKAMDOPELN5E.php\" target=\"_blank\" rel=\"noreferrer noopener\"> contre Tottenham (5-3)<\/a>, le <a href=\"https:\/\/www.leparisien.fr\/sports\/football\/psg\/\" target=\"_blank\" rel=\"noreferrer noopener\">PSG <\/a>rejoue un autre \u00ab match de Ligue des champions \u00bb ce samedi apr\u00e8s-midi (17 heures), <a href=\"https:\/\/www.leparisien.fr\/sports\/football\/ligue-1\/monaco-psg-savoir-qui-marque-cest-anecdotique-balaye-luis-enrique-28-11-2025-5DUYOXVKRFALZD2FBPKUA27RKA.php\" target=\"_blank\" rel=\"noreferrer noopener\">selon la formule employ\u00e9e en conf\u00e9rence de presse par Luis Enrique<\/a>.<\/p>\n<p class=\"paragraph text_align_left lp-f-body-02\">Le d\u00e9placement sur la pelouse de l\u2019AS Monaco, 8e <a href=\"https:\/\/www.leparisien.fr\/sports\/football\/ligue-1\/\" target=\"_blank\" rel=\"noreferrer noopener\">de Ligue 1<\/a> et tenu en \u00e9chec par Pafos cette semaine (2-2), est pris au s\u00e9rieux par les Parisiens qui comptent garder leur fauteuil de leader \u00e0 l\u2019issue de cette 14e journ\u00e9e.<\/p>\n<p class=\"paragraph text_align_left lp-f-body-02\">Alors que le prochain match contre Rennes n\u2019interviendra, ensuite, qu\u2019une semaine plus tard, le coach espagnol sera tent\u00e9 d\u2019aligner un onze globalement comp\u00e9titif. Les plus gros changements devraient se trouver du c\u00f4t\u00e9 de <a href=\"https:\/\/www.leparisien.fr\/sports\/football\/ligue-1\/monaco-psg-paris-prive-de-nuno-mendes-victime-dune-blessure-minime-28-11-2025-ZIDKGXSZ3NG6PDN2COGZXBUS6Q.php\" target=\"_blank\" rel=\"noreferrer noopener\">la d\u00e9fense priv\u00e9e de Nuno Mendes<\/a> et Achraf Hakimi, bless\u00e9s. Luis Enrique pourrait faire appel \u00e0 Senny Mayulu et Lucas Hernandez pour compenser les absences des deux lat\u00e9raux titulaires, tandis que Warren Za\u00efre-Emery pourrait souffler.<\/p>\n<p>Le trio du milieu reconduit ?<\/p>\n<p class=\"paragraph text_align_left lp-f-body-02\">Dans l\u2019axe, on devrait retrouver une charni\u00e8re compos\u00e9e d\u2019Illia Zabarnyi et Willian Pacho. Le capitaine Marquinhos, qui vient de f\u00eater <a href=\"https:\/\/www.leparisien.fr\/sports\/football\/psg\/le-psg-et-paris-cest-toute-notre-vie-les-confidences-de-carol-la-femme-de-marquinhos-apres-son-500e-match-27-11-2025-QUMPRUEK3ZH6BD7BIXAQJDWBSE.php\" target=\"_blank\" rel=\"noreferrer noopener\">son 500e match avec le PSG<\/a>, est susceptible de d\u00e9marrer sur le banc au m\u00eame titre que Lucas Beraldo. Particuli\u00e8rement convaincant face aux Spurs, le trio du milieu sera vraisemblablement reconduit <a href=\"https:\/\/www.leparisien.fr\/sports\/football\/ligue-des-champions\/il-a-touche-le-ciel-la-presse-portugaise-totalement-sous-le-charme-de-vitinha-apres-son-triple-en-ligue-des-champions-27-11-2025-I2H2PN2M6JFBDCQZMTVQV24F6Q.php\" target=\"_blank\" rel=\"noreferrer noopener\">avec Vitinha <\/a>dans le r\u00f4le de sentinelle. Fabian Ruiz et Jo\u00e3o Neves, eux, sont attendus comme relayeurs.<\/p>\n<p><img decoding=\"async\" class=\"image \" loading=\"lazy\" src=\"https:\/\/www.europesays.com\/fr\/wp-content\/uploads\/2025\/11\/H5WHM5XDBZEHXNFGWFXSLDGT3A.jpg\" alt=\"\" align=\"\" data-rubrique-principale=\"\" data-article-type=\"\" fetchpriority=\"auto\"\/><\/p>\n<p class=\"paragraph text_align_left lp-f-body-02\">Ce d\u00e9placement sur la pelouse de Louis-II pourrait-il permettre \u00e0 Ousmane Demb\u00e9l\u00e9 de retrouver la pointe de l\u2019attaque comme titulaire ? L\u2019option est sur la table apr\u00e8s que le Ballon d\u2019or a disput\u00e9 une dizaine de minutes mercredi en Ligue des champions.<\/p>\n<p class=\"paragraph text_align_left lp-f-body-02\">Sur une bonne dynamique, Kang-in Lee postule lui aussi \u00e0 une place dans le onze de d\u00e9part. Le Sud-Cor\u00e9en pourrait occuper le couloir droit et voir le jeune Quentin Ndjantou, d\u00e9j\u00e0 titulaire mercredi, l\u2019accompagner. Tr\u00e8s appr\u00e9ci\u00e9 du staff, le Titi parisien permettrait \u00e0 Bradley Barcola, \u00e9mouss\u00e9, et Khvicha Kvaratskhelia de se reposer.<\/p>\n<p class=\"paragraph text_align_left lp-f-body-02\"><b>La composition probable du PSG :<\/b> Chevalier &#8211; Mayulu, Zabarnyi, Pacho, Hernandez &#8211; Neves, Vitinha (cap.), Ruiz &#8211; Lee, Demb\u00e9l\u00e9, Ndjantou.<\/p>\n","protected":false},"excerpt":{"rendered":"72 heures apr\u00e8s sa victoire spectaculaire en Ligue des champions contre Tottenham (5-3), le PSG rejoue un autre&hellip;\n","protected":false},"author":2,"featured_media":565725,"comment_status":"","ping_status":"","sticky":false,"template":"","format":"standard","meta":{"footnotes":""},"categories":[1888],"tags":[1111,1928,11,1927,1777,674,63,1011,27,66,12,1926,626,1925,25,60],"class_list":{"0":"post-565724","1":"post","2":"type-post","3":"status-publish","4":"format-standard","5":"has-post-thumbnail","7":"category-paris","8":"tag-actu","9":"tag-actu-paris","10":"tag-actualites","11":"tag-actualites-paris","12":"tag-eu","13":"tag-europe","14":"tag-football","15":"tag-fr","16":"tag-france","17":"tag-ligue-1","18":"tag-news","19":"tag-news-paris","20":"tag-paris","21":"tag-paris-news","22":"tag-republique-francaise","23":"tag-sports"},"share_on_mastodon":{"url":"https:\/\/pubeurope.com\/@fr\/115630584182537733","error":""},"_links":{"self":[{"href":"https:\/\/www.europesays.com\/fr\/wp-json\/wp\/v2\/posts\/565724","targetHints":{"allow":["GET"]}}],"collection":[{"href":"https:\/\/www.europesays.com\/fr\/wp-json\/wp\/v2\/posts"}],"about":[{"href":"https:\/\/www.europesays.com\/fr\/wp-json\/wp\/v2\/types\/post"}],"author":[{"embeddable":true,"href":"https:\/\/www.europesays.com\/fr\/wp-json\/wp\/v2\/users\/2"}],"replies":[{"embeddable":true,"href":"https:\/\/www.europesays.com\/fr\/wp-json\/wp\/v2\/comments?post=565724"}],"version-history":[{"count":0,"href":"https:\/\/www.europesays.com\/fr\/wp-json\/wp\/v2\/posts\/565724\/revisions"}],"wp:featuredmedia":[{"embeddable":true,"href":"https:\/\/www.europesays.com\/fr\/wp-json\/wp\/v2\/media\/565725"}],"wp:attachment":[{"href":"https:\/\/www.europesays.com\/fr\/wp-json\/wp\/v2\/media?parent=565724"}],"wp:term":[{"taxonomy":"category","embeddable":true,"href":"https:\/\/www.europesays.com\/fr\/wp-json\/wp\/v2\/categories?post=565724"},{"taxonomy":"post_tag","embeddable":true,"href":"https:\/\/www.europesays.com\/fr\/wp-json\/wp\/v2\/tags?post=565724"}],"curies":[{"name":"wp","href":"https:\/\/api.w.org\/{rel}","templated":true}]}}