{"id":565726,"date":"2025-11-29T02:18:20","date_gmt":"2025-11-29T02:18:20","guid":{"rendered":"https:\/\/www.europesays.com\/fr\/565726\/"},"modified":"2025-11-29T02:18:20","modified_gmt":"2025-11-29T02:18:20","slug":"cette-renaissance-nest-pas-terminee-notre-dame-de-paris-cherche-encore-six-millions-deuros","status":"publish","type":"post","link":"https:\/\/www.europesays.com\/fr\/565726\/","title":{"rendered":"\u00ab Cette renaissance n\u2019est pas termin\u00e9e \u00bb : Notre-Dame de Paris cherche encore six millions d\u2019euros"},"content":{"rendered":"<p>                                            Soci\u00e9t\u00e9\n                                                                            <\/p>\n<p>\n                                            La Fondation Notre-Dame a lanc\u00e9 \u00ab Notre-Dame 2030 \u00bb, un projet dont l\u2019objectif est de r\u00e9colter six millions d\u2019euros d\u2019ici 2030 pour mener \u00e0 bien la restauration compl\u00e8te de la cath\u00e9drale. M\u00eame apr\u00e8s un an depuis sa r\u00e9ouverture, certaines zones ext\u00e9rieures n\u00e9cessitent encore des travaux.                                        <\/p>\n<p>                                                Publi\u00e9 le 28 novembre 2025 \u00e0 20h30                                                                                            <\/p>\n<p>                                            <img loading=\"lazy\" width=\"1024\" height=\"683\" src=\"https:\/\/www.europesays.com\/fr\/wp-content\/uploads\/2025\/11\/SIPA_01226073_000033-2.jpg\" class=\"attachment-post-thumbnail size-post-thumbnail wp-post-image\" alt=\"Notre-Dame de Paris cherche encore six millions d\u2019euros \u00a9 Marie MARCEL\/SIPA\" decoding=\"async\"  \/><\/p>\n<p>                                            Notre-Dame de Paris cherche encore six millions d\u2019euros \u00a9 Marie MARCEL\/SIPA<\/p>\n<p data-start=\"111\" data-end=\"691\">Un an apr\u00e8s sa r\u00e9ouverture aux fid\u00e8les et aux visiteurs, Notre-Dame doit encore achever sa restauration. Pour y parvenir, la Fondation Notre-Dame lance \u00ab\u202fNotre-Dame 2030\u202f\u00bb, un programme visant \u00e0 r\u00e9unir six millions d\u2019euros suppl\u00e9mentaires. \u00ab En un an, la cath\u00e9drale Notre-Dame a retrouv\u00e9 non seulement sa beaut\u00e9, mais \u00e9galement son r\u00f4le de lieu de culte et d\u2019art, tant historique que vivant. Cette renaissance n\u2019est pas termin\u00e9e : il reste encore \u00e0 parachever ce qui garantira sa p\u00e9rennit\u00e9 pour les g\u00e9n\u00e9rations futures \u00bb, rappelle Robert Leblanc, vice-pr\u00e9sident de la Fondation dans <a href=\"https:\/\/www.fondationnotredame.fr\/a-la-une\/notre-dame-2030\" target=\"_blank\" rel=\"noopener\">un communiqu\u00e9.<\/a><\/p>\n<p><a href=\"https:\/\/www.valeursactuelles.com\/societe\/record-daffluence-notre-dame-de-paris-fait-le-plein-depuis-sa-reouverture\" class=\"h-flex h-align-items-center h-border-tb h-ptb-15\" target=\"_blank\" rel=\"noopener\">A\u00a0LIRE\u00a0Record d\u2019affluence : Notre-Dame de Paris fait le plein depuis sa r\u00e9ouverture<\/a><\/p>\n<p data-start=\"693\" data-end=\"1153\">M\u00eame si les d\u00e9g\u00e2ts de l\u2019incendie d\u2019avril 2019 ont \u00e9t\u00e9 r\u00e9par\u00e9s, Notre-Dame doit encore poursuivre de nombreux travaux, au moins jusqu\u2019en 2028. Le programme \u00ab\u202fNotre-Dame 2030\u202f\u00bb vise \u00e0 restaurer durablement les fa\u00e7ades de la cath\u00e9drale et \u00e0 soutenir les projets int\u00e9rieurs, comme la cr\u00e9ation artistique, l\u2019am\u00e9nagement des chapelles et l\u2019accueil des visiteurs. Depuis sa r\u00e9ouverture en d\u00e9cembre 2024, Notre-Dame re\u00e7oit entre 30 000 et 35 000 visiteurs chaque jour.<\/p>\n<p data-start=\"1155\" data-end=\"1494\">La r\u00e9ouverture de <a href=\"https:\/\/www.valeursactuelles.com\/regions\/bourgogne-franche-comte\/nievre\/na\/societe\/nievre-une-association-ambitionne-de-recreer-la-charpente-de-notre-dame-de-paris-a-taille-reelle\" target=\"_blank\" rel=\"noopener\">Notre-Dame<\/a> a \u00e9t\u00e9 possible gr\u00e2ce \u00e0 un \u00e9lan de solidarit\u00e9 exceptionnel. La Fondation Notre-Dame, principal financeur des travaux, avait lanc\u00e9 d\u00e8s le lendemain de l\u2019incendie une collecte sans pr\u00e9c\u00e9dent. Au total, 358 millions d\u2019euros ont \u00e9t\u00e9 vers\u00e9s par 62 000 donateurs, incluant particuliers, entreprises et grands m\u00e9c\u00e8nes.<\/p>\n<p>340 000 donateurs<a href=\"https:\/\/www.valeursactuelles.com\/societe\/notre-dame-de-paris-obelisque-de-la-concorde-le-mont-saint-michel-les-monuments-se-parent-de-rouge-pour-les-chretiens-persecutes\" class=\"h-flex h-align-items-center h-border-tb h-ptb-15\" target=\"_blank\" rel=\"noopener\">A\u00a0LIRE\u00a0Notre-Dame de Paris, ob\u00e9lisque de la Concorde, le Mont-Saint-Michel\u2026 Les monuments se parent de rouge pour les chr\u00e9tiens pers\u00e9cut\u00e9s<\/a><\/p>\n<p data-start=\"1515\" data-end=\"1869\">La collecte mondiale a mobilis\u00e9 340 000 donateurs provenant de 104 pays, pour un total de 846 millions d\u2019euros. Dans son rapport publi\u00e9 en septembre, la Cour des comptes a salu\u00e9 la bonne gestion de cette somme exceptionnelle. \u00ab Un rapport feel good, ce n\u2019est pas toujours le cas \u00bb, a comment\u00e9 Pierre Moscovici, premier pr\u00e9sident de la Cour des comptes.<\/p>\n<p data-start=\"1871\" data-end=\"2333\">L\u2019engagement de la Fondation Notre-Dame pour la cath\u00e9drale ne date pas de l\u2019incendie. D\u00e8s 2017, un accord-cadre de dix ans pr\u00e9voyait que la Fondation, par le biais de sa branche FAPP (Fondation Avenir du Patrimoine \u00e0 Paris) et de la fondation am\u00e9ricaine Friends of Notre-Dame, collecte des fonds pour soutenir et acc\u00e9l\u00e9rer les travaux. Avant 2016, c\u2019est l\u2019\u00c9tat, propri\u00e9taire de l\u2019\u00e9difice, qui assumait seul la restauration, \u00e0 hauteur d\u2019un million d\u2019euros par an.<\/p>\n<p data-start=\"2335\" data-end=\"2801\">\u00ab L\u2019incendie a r\u00e9v\u00e9l\u00e9 la force d\u2019un mod\u00e8le fran\u00e7ais capable de mobiliser tr\u00e8s largement donateurs priv\u00e9s et publics sur des enjeux d\u2019int\u00e9r\u00eat g\u00e9n\u00e9ral. Nous voulons poursuivre cette dynamique positive et la mettre au service de l\u2019avenir \u00bb, affirme Robert Leblanc. Pour y contribuer, la Fondation <a href=\"https:\/\/www.valeursactuelles.com\/societe\/microsoft-va-creer-une-replique-numerique-de-notre-dame-de-paris\" target=\"_blank\" rel=\"noopener\">Notre-Dame<\/a> lance fin novembre une nouvelle campagne destin\u00e9e \u00e0 impliquer \u00e0 la fois le grand public et les m\u00e9c\u00e8nes dans l\u2019ultime \u00e9tape de la restauration de la cath\u00e9drale.<\/p>\n","protected":false},"excerpt":{"rendered":"Soci\u00e9t\u00e9 La Fondation Notre-Dame a lanc\u00e9 \u00ab Notre-Dame 2030 \u00bb, un projet dont l\u2019objectif est de r\u00e9colter six&hellip;\n","protected":false},"author":2,"featured_media":565727,"comment_status":"","ping_status":"","sticky":false,"template":"","format":"standard","meta":{"footnotes":""},"categories":[1888],"tags":[11,3226,13601,15714,1777,674,1011,27,12,3341,626,2551,25],"class_list":{"0":"post-565726","1":"post","2":"type-post","3":"status-publish","4":"format-standard","5":"has-post-thumbnail","7":"category-paris","8":"tag-actualites","9":"tag-campagne","10":"tag-cathedrale","11":"tag-dons","12":"tag-eu","13":"tag-europe","14":"tag-fr","15":"tag-france","16":"tag-news","17":"tag-notre-dame-de-paris","18":"tag-paris","19":"tag-patrimoine","20":"tag-republique-francaise"},"share_on_mastodon":{"url":"https:\/\/pubeurope.com\/@fr\/115630592296809377","error":""},"_links":{"self":[{"href":"https:\/\/www.europesays.com\/fr\/wp-json\/wp\/v2\/posts\/565726","targetHints":{"allow":["GET"]}}],"collection":[{"href":"https:\/\/www.europesays.com\/fr\/wp-json\/wp\/v2\/posts"}],"about":[{"href":"https:\/\/www.europesays.com\/fr\/wp-json\/wp\/v2\/types\/post"}],"author":[{"embeddable":true,"href":"https:\/\/www.europesays.com\/fr\/wp-json\/wp\/v2\/users\/2"}],"replies":[{"embeddable":true,"href":"https:\/\/www.europesays.com\/fr\/wp-json\/wp\/v2\/comments?post=565726"}],"version-history":[{"count":0,"href":"https:\/\/www.europesays.com\/fr\/wp-json\/wp\/v2\/posts\/565726\/revisions"}],"wp:featuredmedia":[{"embeddable":true,"href":"https:\/\/www.europesays.com\/fr\/wp-json\/wp\/v2\/media\/565727"}],"wp:attachment":[{"href":"https:\/\/www.europesays.com\/fr\/wp-json\/wp\/v2\/media?parent=565726"}],"wp:term":[{"taxonomy":"category","embeddable":true,"href":"https:\/\/www.europesays.com\/fr\/wp-json\/wp\/v2\/categories?post=565726"},{"taxonomy":"post_tag","embeddable":true,"href":"https:\/\/www.europesays.com\/fr\/wp-json\/wp\/v2\/tags?post=565726"}],"curies":[{"name":"wp","href":"https:\/\/api.w.org\/{rel}","templated":true}]}}