{"id":565730,"date":"2025-11-29T02:20:20","date_gmt":"2025-11-29T02:20:20","guid":{"rendered":"https:\/\/www.europesays.com\/fr\/565730\/"},"modified":"2025-11-29T02:20:20","modified_gmt":"2025-11-29T02:20:20","slug":"est-il-vrai-que-la-russie-nest-plus-en-capacite-denvoyer-des-cosmonautes-dans-lespace-liberation","status":"publish","type":"post","link":"https:\/\/www.europesays.com\/fr\/565730\/","title":{"rendered":"Est-il vrai que la Russie n\u2019est plus en capacit\u00e9 d\u2019envoyer des cosmonautes dans l\u2019espace\u00a0? \u2013 Lib\u00e9ration"},"content":{"rendered":"<p class=\"sc-cPiKLX AiZTS text-element\">L\u2019agence spatiale russe Roscosmos a fait \u00e9tat de \u00abdommage sur plusieurs \u00e9l\u00e9ments\u00bb sur l\u2019aire de d\u00e9collage de la fus\u00e9e Soyouz qui a emport\u00e9, jeudi 27 novembre, un \u00e9quipage russo-am\u00e9ricain vers la Station spatiale internationale (ISS) depuis Ba\u00efkonour, au Kazakhstan. Des images du site, diffus\u00e9es en direct par l\u2019agence mais non comment\u00e9es depuis, font craindre des d\u00e9g\u00e2ts d\u2019ampleur.<\/p>\n<p class=\"sc-cPiKLX AiZTS text-element\">Selon divers sp\u00e9cialistes de l\u2019a\u00e9rospatiale relay\u00e9s par la presse internationale, ces images montrent en effet, sous le pas de tir, un d\u00e9bris massif. Son profil ressemble fortement \u00e0 la plateforme mobile int\u00e9gr\u00e9e au pas de tir qui permet, en temps normal, d\u2019effectuer des op\u00e9rations de maintenance indispensable sous la fus\u00e9e. Cette plateforme est cens\u00e9e \u00eatre compl\u00e8tement r\u00e9tract\u00e9e avant la mise \u00e0 feu.<\/p>\n<p class=\"sc-cPiKLX AiZTS text-element\">Le lancement de la mission MS-28 a \u00e9t\u00e9 retransmis en direct sur Internet, sur des plateformes anglophones et russophones. Les images diffus\u00e9es <a href=\"https:\/\/www.youtube.com\/live\/2ou_zYxfvts?si=Tqrn9FKyqW9byMqe&amp;t=6641\" target=\"_blank\" rel=\"noopener\">durant les derni\u00e8res secondes du compte \u00e0 rebours<\/a> ne laissent pas supposer que la plateforme soit toujours en place. A 12 h 27 heure locale, les flammes et les gaz se dispersent dans l\u2019immense fosse sous le site, tandis que le Soyouz s\u2019\u00e9l\u00e8ve dans le ciel\u2026 Dans l\u2019un des flux vid\u00e9os disponibles en ligne, des ing\u00e9nieurs s\u2019approchent de la rambarde de s\u00e9curit\u00e9 de la plateforme <a href=\"https:\/\/www.youtube.com\/live\/2ou_zYxfvts?si=nQB9glsl0-pa1lqq&amp;t=725&lt;\/p&gt;&lt;\/div&gt;&lt;\/article&gt;&lt;\/div&gt;&lt;div data-fusion-lazy-id=\" f0f8vgvlad832fw=\"\" target=\"_blank\" rel=\"noopener\"><\/p>\n","protected":false},"excerpt":{"rendered":"L\u2019agence spatiale russe Roscosmos a fait \u00e9tat de \u00abdommage sur plusieurs \u00e9l\u00e9ments\u00bb sur l\u2019aire de d\u00e9collage de la&hellip;\n","protected":false},"author":2,"featured_media":565731,"comment_status":"","ping_status":"","sticky":false,"template":"","format":"standard","meta":{"footnotes":""},"categories":[1591],"tags":[11,1887,12,1885,1886,132],"class_list":{"0":"post-565730","1":"post","2":"type-post","3":"status-publish","4":"format-standard","5":"has-post-thumbnail","7":"category-russie","8":"tag-actualites","9":"tag-federation-de-russie","10":"tag-news","11":"tag-russia","12":"tag-russian-federation","13":"tag-russie"},"share_on_mastodon":{"url":"https:\/\/pubeurope.com\/@fr\/115630599465749994","error":""},"_links":{"self":[{"href":"https:\/\/www.europesays.com\/fr\/wp-json\/wp\/v2\/posts\/565730","targetHints":{"allow":["GET"]}}],"collection":[{"href":"https:\/\/www.europesays.com\/fr\/wp-json\/wp\/v2\/posts"}],"about":[{"href":"https:\/\/www.europesays.com\/fr\/wp-json\/wp\/v2\/types\/post"}],"author":[{"embeddable":true,"href":"https:\/\/www.europesays.com\/fr\/wp-json\/wp\/v2\/users\/2"}],"replies":[{"embeddable":true,"href":"https:\/\/www.europesays.com\/fr\/wp-json\/wp\/v2\/comments?post=565730"}],"version-history":[{"count":0,"href":"https:\/\/www.europesays.com\/fr\/wp-json\/wp\/v2\/posts\/565730\/revisions"}],"wp:featuredmedia":[{"embeddable":true,"href":"https:\/\/www.europesays.com\/fr\/wp-json\/wp\/v2\/media\/565731"}],"wp:attachment":[{"href":"https:\/\/www.europesays.com\/fr\/wp-json\/wp\/v2\/media?parent=565730"}],"wp:term":[{"taxonomy":"category","embeddable":true,"href":"https:\/\/www.europesays.com\/fr\/wp-json\/wp\/v2\/categories?post=565730"},{"taxonomy":"post_tag","embeddable":true,"href":"https:\/\/www.europesays.com\/fr\/wp-json\/wp\/v2\/tags?post=565730"}],"curies":[{"name":"wp","href":"https:\/\/api.w.org\/{rel}","templated":true}]}}