{"id":565738,"date":"2025-11-29T02:24:12","date_gmt":"2025-11-29T02:24:12","guid":{"rendered":"https:\/\/www.europesays.com\/fr\/565738\/"},"modified":"2025-11-29T02:24:12","modified_gmt":"2025-11-29T02:24:12","slug":"en-allemagne-un-projet-discriminant-de-lutte-contre-lantisemitisme-%f0%9f%94%b4-info-libertaire","status":"publish","type":"post","link":"https:\/\/www.europesays.com\/fr\/565738\/","title":{"rendered":"En Allemagne, un projet discriminant de lutte contre l\u2019antis\u00e9mitisme \u2013 \ud83d\udd34 Info Libertaire"},"content":{"rendered":"<p><\/p>\n<p>Le m\u00e9dia d\u2019investigation ind\u00e9pendant allemand Correctiv r\u00e9v\u00e8le ce mois-ci les dessous d\u2019un plan de lutte contre l\u2019antis\u00e9mitisme soutenu par le ministre de la Recherche qui cible sp\u00e9cifiquement les jeunes musulmans.\n<\/p>\n<p>\u00ab\u00a0Apr\u00e8s avoir \u00e9t\u00e9 approuv\u00e9 par le minist\u00e8re de la Recherche, le programme \u201cDis-Ident\u201d de recherche et de pr\u00e9vention contre l\u2019antis\u00e9mitisme a officiellement d\u00e9marr\u00e9 en juillet dernier. [\u2026]<\/p>\n<p>Selon l\u2019entreprise Mind qui pilote ce plan, l\u2019objectif est de d\u00e9velopper des strat\u00e9gies contre l\u2019antis\u00e9mitisme li\u00e9 \u00e0 Isra\u00ebl et la radicalisation islamiste dans les \u00e9coles allemandes. Il\u00a0s\u2019adresse principalement aux \u00e9l\u00e8ves musulmans issus de l\u2019immigration, et doit les amener \u00e0 r\u00e9fl\u00e9chir sur les pr\u00e9jug\u00e9s antis\u00e9mites, par exemple dans le cadre d\u2019ateliers de th\u00e9\u00e2tre et de jeux de r\u00f4le. [\u2026]<\/p>\n<p>Le fondateur et directeur g\u00e9n\u00e9ral de Mind est un homme connu du grand public gr\u00e2ce \u00e0 ses nombreuses apparitions dans des talk-shows et interviews\u00a0: Ahmad Mansour. Ce psychologue, consid\u00e9r\u00e9 par certains comme un expert de l\u2019islamisme, est controvers\u00e9 en raison de ses d\u00e9clarations critiques \u00e0 l\u2019\u00e9gard de l\u2019islam. En juillet\u00a02021, par exemple, il d\u00e9clarait dans un podcast\u00a0: \u201cL\u2019islam ne s\u2019est jamais int\u00e9gr\u00e9 dans une autre culture et ne le fera pas non plus en Europe.\u201d [\u2026]<\/p>\n<p>Contrairement \u00e0 ce qui se passe normalement dans l\u2019attribution de subventions publiques, Mansour et ses partenaires n\u2019ont pas d\u00fb passer par un processus concurrentiel pour obtenir des fonds. Dans un tel processus, le minist\u00e8re lance un appel d\u2019offre pour un programme de recherche, et les instituts de recherche soumettent diff\u00e9rentes propositions. Celles-ci sont ensuite examin\u00e9es par des experts. [\u2026]<\/p>\n<p>Dans \u201cDis-Ident\u201d, les d\u00e9put\u00e9s [\u2026] majoritairement issus du Parti lib\u00e9ral-d\u00e9mocrate, ont d\u00e9cid\u00e9 que le minist\u00e8re de la Recherche devait subventionner l\u2019entreprise Mind sans passer par une telle proc\u00e9dure. [\u2026] Une d\u00e9cision qui soul\u00e8ve des questions. [\u2026]<\/p>\n<p><strong>Critiques d\u00e9vastatrices des experts<\/strong><\/p>\n<p>Comme il est d\u2019usage dans ce genre de proc\u00e9dures, le minist\u00e8re de la Recherche avait pourtant charg\u00e9 des scientifiques externes d\u2019examiner la description du projet. [\u2026] Correctiv a pu consulter les rapports d\u2019expertise pr\u00e9sent\u00e9s \u00e0 l\u2019\u00e9t\u00e9\u00a02024. Leurs conclusions \u00e9taient d\u00e9vastatrices. [\u2026]<\/p>\n<p>Ils critiquent l\u2019absence \u201cd\u2019hypoth\u00e8ses et de questions de recherche v\u00e9rifiables empiriquement\u201d et regrettent \u00e9galement l\u2019absence d\u2019une pr\u00e9sentation d\u00e9taill\u00e9e du plan de recherche et des m\u00e9thodes, ainsi que de la mani\u00e8re dont ceux-ci devaient \u00eatre appliqu\u00e9s. [\u2026] Le projet, dont l\u2019efficacit\u00e9 est plus que douteuse, semble avant tout refl\u00e9ter la vision du monde d\u2019Ahmed Mansour.\u00a0[\u2026]<\/p>\n<p>Selon les experts mandat\u00e9s par le minist\u00e8re, ce plan de recherche et pr\u00e9vention refl\u00e8te \u201cune vision n\u00e9gative des personnes issues de l\u2019immigration et de confession musulmane\u201d. Les th\u00e8ses formul\u00e9es reposent sur l\u2019hypoth\u00e8se selon laquelle les attitudes antis\u00e9mites seraient \u201cinh\u00e9rentes\u201d \u00e0 la \u201cculture musulmane\u201d. [\u2026] Ces m\u00eames experts ont ainsi exprim\u00e9 leur inqui\u00e9tude quant au fait que les mesures pr\u00e9vues pourraient discriminer les enfants et les jeunes issus de l\u2019immigration et de confession musulmane. [\u2026] Autant de critiques qui n\u2019ont pas \u00e9t\u00e9 int\u00e9gr\u00e9es au projet \u201cDis-Ident\u201d. [\u2026]<\/p>\n<p>Ce qui est concr\u00e8tement pr\u00e9vu avec les jeunes dans le cadre de ce programme et comment leurs droits seront garantis est \u00e9galement flou. Les premiers travaux empiriques et la collecte de donn\u00e9es devraient commencer d\u00e9but 2026.\u00a0\u00bb<\/p>\n<p><strong>Justus von Daniels<\/strong><\/p>\n<p><strong>Cet article fantastique est fini. On esp\u00e8re qu\u2019il vous a plu.<\/strong><\/p>\n<p>Nous, c\u2019est CQFD, plusieurs fois \u00e9lu \u00ab\u00a0meilleur journal marseillais du Monde\u00a0\u00bb par des jurys f\u00e9rocement impartiaux. Plus de vingt ans qu\u2019on existe et qu\u2019on aboie dans les kiosques en totale ind\u00e9pendance. Le hic, c\u2019est qu\u2019on fonctionne avec une \u00e9conomie de bouts de ficelle et que la situation financi\u00e8re des journaux pirates de notre genre est chaque jour plus difficile\u00a0: la vente de journaux papier n\u2019a pas exactement le vent en poupe\u2026 tout en n\u2019ayant pas encore atteint le stade \u00f4 combien styl\u00e9 du vintage. Bref, si vous souhaitez que ce journal puisse continuer \u00e0 exister et que vous r\u00eavez par la m\u00eame occas\u2019 de booster votre karma libertaire, on a besoin de vous\u00a0: abonnez-vous, abonnez vos tatas et vos canaris, achetez nous en kiosque, diffusez-nous en manif, caf\u00e9s, biblioth\u00e8que ou en librairie, faites notre pub sur la toile, partagez nos posts insta, r\u00e9percutez-nous, faites nous des dons, achetez nos t-shirts, nos livres, ou simplement envoyez nous des bisous de soutien car la bise souffle, froide et pernicieuse.<\/p>\n<p>Tout cela se passe ici\u00a0: <a href=\"https:\/\/cqfd-journal.org\/Abonnement-don\" class=\"spip_in\" target=\"_blank\" rel=\"noopener\">ABONNEMENT<\/a> et ici\u00a0: <a href=\"https:\/\/www.helloasso.com\/associations\/rire-cqfd\/boutiques\/abonnements-et-boutique-de-cqfd\" class=\"spip_out\" rel=\"external noopener\" target=\"_blank\">PAGE HELLO ASSO<\/a>.<\/p>\n<p>Merci mille fois pour votre soutien\u00a0!<\/p>\n<p><br clear=\"both\"\/><\/p>\n<p><\/p>\n<p>\t\t<strong>Source:<\/strong> <a href=\"https:\/\/cqfd-journal.org\/En-Allemagne-un-projet\" target=\"_blank\" rel=\"nofollow noopener\">Cqfd-journal.org<\/a><br \/>\n\t\t<\/p>\n","protected":false},"excerpt":{"rendered":"Le m\u00e9dia d\u2019investigation ind\u00e9pendant allemand Correctiv r\u00e9v\u00e8le ce mois-ci les dessous d\u2019un plan de lutte contre l\u2019antis\u00e9mitisme soutenu&hellip;\n","protected":false},"author":2,"featured_media":565739,"comment_status":"","ping_status":"","sticky":false,"template":"","format":"standard","meta":{"footnotes":""},"categories":[1587],"tags":[11,672,1804,1805,1803,1777,674,1801,12,1802],"class_list":{"0":"post-565738","1":"post","2":"type-post","3":"status-publish","4":"format-standard","5":"has-post-thumbnail","7":"category-allemagne","8":"tag-actualites","9":"tag-allemagne","10":"tag-bundesrepublik-deutschland","11":"tag-de","12":"tag-deutschland","13":"tag-eu","14":"tag-europe","15":"tag-germany","16":"tag-news","17":"tag-republique-federale-dallemagne"},"share_on_mastodon":{"url":"https:\/\/pubeurope.com\/@fr\/115630615049125869","error":""},"_links":{"self":[{"href":"https:\/\/www.europesays.com\/fr\/wp-json\/wp\/v2\/posts\/565738","targetHints":{"allow":["GET"]}}],"collection":[{"href":"https:\/\/www.europesays.com\/fr\/wp-json\/wp\/v2\/posts"}],"about":[{"href":"https:\/\/www.europesays.com\/fr\/wp-json\/wp\/v2\/types\/post"}],"author":[{"embeddable":true,"href":"https:\/\/www.europesays.com\/fr\/wp-json\/wp\/v2\/users\/2"}],"replies":[{"embeddable":true,"href":"https:\/\/www.europesays.com\/fr\/wp-json\/wp\/v2\/comments?post=565738"}],"version-history":[{"count":0,"href":"https:\/\/www.europesays.com\/fr\/wp-json\/wp\/v2\/posts\/565738\/revisions"}],"wp:featuredmedia":[{"embeddable":true,"href":"https:\/\/www.europesays.com\/fr\/wp-json\/wp\/v2\/media\/565739"}],"wp:attachment":[{"href":"https:\/\/www.europesays.com\/fr\/wp-json\/wp\/v2\/media?parent=565738"}],"wp:term":[{"taxonomy":"category","embeddable":true,"href":"https:\/\/www.europesays.com\/fr\/wp-json\/wp\/v2\/categories?post=565738"},{"taxonomy":"post_tag","embeddable":true,"href":"https:\/\/www.europesays.com\/fr\/wp-json\/wp\/v2\/tags?post=565738"}],"curies":[{"name":"wp","href":"https:\/\/api.w.org\/{rel}","templated":true}]}}