{"id":565742,"date":"2025-11-29T02:26:19","date_gmt":"2025-11-29T02:26:19","guid":{"rendered":"https:\/\/www.europesays.com\/fr\/565742\/"},"modified":"2025-11-29T02:26:19","modified_gmt":"2025-11-29T02:26:19","slug":"accord-ue-mercosur-la-fdsea-de-la-correze-tire-la-sonnette-dalarme-pour-lelevage-bovin-francais-agriculture-massif-central","status":"publish","type":"post","link":"https:\/\/www.europesays.com\/fr\/565742\/","title":{"rendered":"Accord UE-Mercosur : La FDSEA de la Corr\u00e8ze tire la sonnette d\u2019alarme pour l\u2019\u00e9levage bovin fran\u00e7ais | Agriculture Massif central"},"content":{"rendered":"<p>\u00a0<\/p>\n<p><strong>Un accord aux cons\u00e9quences \u00e9conomiques et sanitaires majeures<\/strong><\/p>\n<p>N\u00e9goci\u00e9 depuis <strong>2019<\/strong>, cet accord pr\u00e9voit l\u2019<strong>importation de 99 000 tonnes de viande bovine sud-am\u00e9ricaine<\/strong> avec des <strong>droits de douane r\u00e9duits \u00e0 7,5 %<\/strong>. Probl\u00e8me : ces viandes proviennent de <strong>syst\u00e8mes de production non conformes aux normes europ\u00e9ennes<\/strong> (antibiotiques interdits, absence de tra\u00e7abilit\u00e9, etc.). <strong>Laurent Boisset<\/strong>, pr\u00e9sident de la <strong>section bovine de la FDSEA 19<\/strong>, d\u00e9nonce une <strong>distorsion de concurrence insoutenable<\/strong> :\u00a0<\/p>\n<blockquote>\n<p>Nous r\u00e9pondons aux exigences de qualit\u00e9 et de tra\u00e7abilit\u00e9. L\u00e0-bas, c\u2019est tout et n\u2019importe quoi. \u00bb<\/p>\n<\/blockquote>\n<p>\u00a0<\/p>\n<p><strong>Un scandale r\u00e9v\u00e9lateur : le cas des bovins uruguayens en Turquie<\/strong><\/p>\n<p>Pour illustrer les <strong>d\u00e9rives du commerce international<\/strong>, la FDSEA cite un exemple frappant : <strong>3 000 bovins uruguayens bloqu\u00e9s 50 jours en mer<\/strong>, dans des conditions indignes, faute de <strong>certificats sanitaires valides<\/strong>. R\u00e9sultat : <strong>150 vaches mortes<\/strong>, des conditions d\u2019hygi\u00e8ne d\u00e9plorables.\u00a0<\/p>\n<blockquote>\n<p>Ce qui s\u2019est pass\u00e9 en Turquie pourrait arriver en Europe sous forme de carcasses import\u00e9es \u00bb, alerte Laurent Boisset.<\/p>\n<\/blockquote>\n<p>\u00a0<\/p>\n<p><strong>Des impacts sanitaires, environnementaux et climatiques<\/strong><\/p>\n<p>Au-del\u00e0 du <strong>bien-\u00eatre animal<\/strong>, l\u2019accord pose des risques <strong>sanitaires<\/strong> (viandes produites sans contr\u00f4le) et <strong>environnementaux<\/strong> (importations li\u00e9es \u00e0 la <strong>d\u00e9forestation<\/strong>).<\/p>\n<blockquote>\n<p>Le consommateur doit choisir : un steak fran\u00e7ais \u00e0 10 \u20ac avec toutes les garanties, ou une viande \u00e0 3 \u20ac produite dans des conditions inacceptables \u00bb, souligne Boisset.<\/p>\n<\/blockquote>\n<p>\u00a0<\/p>\n<p><strong>Une fili\u00e8re bovine fran\u00e7aise d\u00e9j\u00e0 en crise<\/strong><\/p>\n<p>Les chiffres sont alarmants :<\/p>\n<ul>\n<li><strong>1,2 million de vaches disparues en 9 ans<\/strong>,<\/li>\n<li><strong>3 200 v\u00ealages en moins en Corr\u00e8ze depuis d\u00e9but 2025<\/strong>,<\/li>\n<li><strong>Baisse des exportations<\/strong> et risque de <strong>balance commerciale agricole n\u00e9gative<\/strong> pour la premi\u00e8re fois en 50 ans.<\/li>\n<\/ul>\n<p>\u00a0<\/p>\n<p><strong>Les revendications de la FDSEA pour prot\u00e9ger l\u2019\u00e9levage fran\u00e7ais<\/strong><\/p>\n<p>Face \u00e0 cette menace, la FDSEA exige :<\/p>\n<ol>\n<li><strong>Des clauses miroirs<\/strong> : imposer aux importations les m\u00eames normes que celles appliqu\u00e9es en Europe,<\/li>\n<li><strong>Des clauses de sauvegarde applicables<\/strong>,<\/li>\n<li><strong>Le refus d\u2019une application provisoire<\/strong> avant ratification par les parlements,<\/li>\n<li><strong>L\u2019abandon des fonds d\u2019indemnisation<\/strong>, jug\u00e9s insuffisants.<\/li>\n<\/ol>\n<blockquote>\n<p>Privil\u00e9gier les produits fran\u00e7ais, c\u2019est sauver notre <strong>autonomie alimentaire<\/strong>, d\u00e9fendre le <strong>bien-\u00eatre animal<\/strong> et l\u2019<strong>\u00e9conomie locale<\/strong> \u00bb, conclut Laurent Boisset.<\/p>\n<\/blockquote>\n<p>\u00a0<\/p>\n<p><strong>Le r\u00f4le cl\u00e9 du consommateur<\/strong> :<\/p>\n<blockquote>\n<p>Manger moins de viande, mais mieux, en choisissant la qualit\u00e9. \u00bb<\/p>\n<\/blockquote>\n<p>\u00a0<\/p>\n","protected":false},"excerpt":{"rendered":"\u00a0 Un accord aux cons\u00e9quences \u00e9conomiques et sanitaires majeures N\u00e9goci\u00e9 depuis 2019, cet accord pr\u00e9voit l\u2019importation de 99&hellip;\n","protected":false},"author":2,"featured_media":565743,"comment_status":"","ping_status":"","sticky":false,"template":"","format":"standard","meta":{"footnotes":""},"categories":[1586],"tags":[11,1777,674,1779,1011,27,12,25,1778,364],"class_list":{"0":"post-565742","1":"post","2":"type-post","3":"status-publish","4":"format-standard","5":"has-post-thumbnail","7":"category-europe","8":"tag-actualites","9":"tag-eu","10":"tag-europe","11":"tag-european-union","12":"tag-fr","13":"tag-france","14":"tag-news","15":"tag-republique-francaise","16":"tag-ue","17":"tag-union-europeenne"},"share_on_mastodon":{"url":"https:\/\/pubeurope.com\/@fr\/115630623053076602","error":""},"_links":{"self":[{"href":"https:\/\/www.europesays.com\/fr\/wp-json\/wp\/v2\/posts\/565742","targetHints":{"allow":["GET"]}}],"collection":[{"href":"https:\/\/www.europesays.com\/fr\/wp-json\/wp\/v2\/posts"}],"about":[{"href":"https:\/\/www.europesays.com\/fr\/wp-json\/wp\/v2\/types\/post"}],"author":[{"embeddable":true,"href":"https:\/\/www.europesays.com\/fr\/wp-json\/wp\/v2\/users\/2"}],"replies":[{"embeddable":true,"href":"https:\/\/www.europesays.com\/fr\/wp-json\/wp\/v2\/comments?post=565742"}],"version-history":[{"count":0,"href":"https:\/\/www.europesays.com\/fr\/wp-json\/wp\/v2\/posts\/565742\/revisions"}],"wp:featuredmedia":[{"embeddable":true,"href":"https:\/\/www.europesays.com\/fr\/wp-json\/wp\/v2\/media\/565743"}],"wp:attachment":[{"href":"https:\/\/www.europesays.com\/fr\/wp-json\/wp\/v2\/media?parent=565742"}],"wp:term":[{"taxonomy":"category","embeddable":true,"href":"https:\/\/www.europesays.com\/fr\/wp-json\/wp\/v2\/categories?post=565742"},{"taxonomy":"post_tag","embeddable":true,"href":"https:\/\/www.europesays.com\/fr\/wp-json\/wp\/v2\/tags?post=565742"}],"curies":[{"name":"wp","href":"https:\/\/api.w.org\/{rel}","templated":true}]}}