{"id":565766,"date":"2025-11-29T02:44:27","date_gmt":"2025-11-29T02:44:27","guid":{"rendered":"https:\/\/www.europesays.com\/fr\/565766\/"},"modified":"2025-11-29T02:44:27","modified_gmt":"2025-11-29T02:44:27","slug":"stars-a-domicile-sur-tf-1-comment-m-pokora-a-aide-des-fans-pour-une-demande-en-mariage","status":"publish","type":"post","link":"https:\/\/www.europesays.com\/fr\/565766\/","title":{"rendered":"\u00ab\u00a0Stars \u00e0 domicile\u00a0\u00bb sur TF\u00a01\u00a0: Comment M. Pokora a aid\u00e9 des fans pour une demande en mariage"},"content":{"rendered":"<p class=\"paragraph text_align_left lp-f-body-02\">Imaginez \u00eatre \u00e0 l\u2019\u00e9cole, au travail, au restaurant, dans un repas de famille\u2026 Et voir d\u00e9barquer votre c\u00e9l\u00e9brit\u00e9 pr\u00e9f\u00e9r\u00e9e. Ce vendredi, \u00e0 21h10, TF 1 relance \u00ab <a href=\"https:\/\/www.leparisien.fr\/culture-loisirs\/tv\/bataille-navale-stars-a-domicile-filip-tf-1-devoile-ses-programmes-phares-pour-la-saison-prochaine-01-07-2025-JI4DYJ5PGZH6ZE4XY5VOUE5X3E.php\" target=\"_blank\" rel=\"noreferrer noopener\">Stars \u00e0 domicile<\/a> \u00bb, son \u00e9mission embl\u00e9matique du d\u00e9but des ann\u00e9es 2000 dans lesquelles des anonymes se font surprendre par leur chanteur, acteur ou humoriste favori. Apr\u00e8s Flavie Flament, c\u2019est Isabelle Ithurburu qui se charge d\u00e9sormais de pr\u00e9senter ces beaux cadeaux aux t\u00e9l\u00e9spectateurs.<\/p>\n<p class=\"paragraph text_align_left lp-f-body-02\">Et changement de taille : si sa pr\u00e9d\u00e9cesseure \u00e9tait en plateau pour lancer les surprises, la pr\u00e9sentatrice de \u00ab 50\u2032 inside \u00bb et joker du 13 heures de Marie-Sophie Lacarrau s\u2019est, elle, rendue sur le terrain. Pour chaque pi\u00e8ge tendu aux t\u00e9moins, elle s\u2019est ainsi faufil\u00e9e en coulisses, accompagnant les personnalit\u00e9s et participant m\u00eame \u00e0 certaines situations, en simulant des coups de t\u00e9l\u00e9phone notamment !<\/p>\n<p class=\"paragraph text_align_left lp-f-body-02\">Isabelle Ithurburu \u00e9tait donc pr\u00e9sente aux c\u00f4t\u00e9s du chanteur M. Pokora afin que celui-ci puisse mener \u00e0 bien une mission un peu sp\u00e9ciale : aider Yoann \u00e0 faire sa demande en mariage \u00e0 sa compagne Camille, 30 ans, une grande fan, originaire de Neuville-de-Poitou, \u00e0 20 km de Poitiers (Vienne). Pour y parvenir, la production a imagin\u00e9 un stratag\u00e8me, rempli d\u2019al\u00e9as, afin d\u2019offrir ce grand moment \u00e0 cette jeune maman d\u2019une famille recompos\u00e9e.<\/p>\n<p class=\"paragraph text_align_left lp-f-body-02\">Ainsi, Yoann a pr\u00e9text\u00e9 un d\u00e9jeuner dans un restaurant de la r\u00e9gion, mani\u00e8re de quitter la maison et d\u2019installer un d\u00e9cor. Mais, ce repas en t\u00eate-\u00e0-t\u00eate est d\u2019embl\u00e9e compromis puisque plusieurs obstacles apparaissent sur leur chemin. Le chauffeur command\u00e9 pour l\u2019occasion se retrouve interrompu \u00e0 plusieurs reprises : des bouquetins en plein milieu de la route d\u2019abord, puis des femmes en plein enterrement de vie de jeune fille. De quoi contraindre le restaurant \u00e0 les refuser\u2026 Pour finalement r\u00e9v\u00e9ler le pot aux roses.<\/p>\n<p class=\"paragraph text_align_left lp-f-body-02\">\u00ab J\u2019ai h\u00e2te d\u2019\u00eatre spectateur de cela d\u00e9j\u00e0, avant d\u2019en \u00eatre acteur \u00e0 la fin, en essayant d\u2019\u00eatre l\u2019avant cerise sur le g\u00e2teau\u2026 Car la cerise sur le g\u00e2teau, c\u2019est quand m\u00eame Yoann \u00bb, s\u2019est r\u00e9joui le chanteur de \u00ab Tomb\u00e9 \u00bb en d\u00e9couvrant le plan pr\u00e9vu par les \u00e9quipes. D\u2019autant que, tel un espion, il va pouvoir suivre l\u2019intrigue discr\u00e8tement dans une voiture\u2026 Et savourer ces s\u00e9quences qui, entre fous rires et col\u00e8re naissante malgr\u00e9 leur caract\u00e8re improbable, ne font jamais tr\u00e9bucher Camille, jusqu\u2019\u00e0 l\u2019\u00e9mouvante r\u00e9v\u00e9lation finale.<\/p>\n<p class=\"paragraph text_align_left lp-f-body-02\">Outre M. Pokora, d\u2019autres artistes se sont \u00e9galement pr\u00eat\u00e9s au jeu. Les deux derniers gagnants de \u00ab Star Academy \u00bb ont ainsi accept\u00e9 de pi\u00e9ger leurs fans : avec une convocation pour usage de faux billets pour une admiratrice de Pierre Garnier et une intervention en pleine classe pendant un expos\u00e9 pour une jeune fid\u00e8le de Marine. Santa, elle, a r\u00e9ussi \u00e0 surprendre une toute jeune fan dans la patinoire o\u00f9 elle s\u2019exerce tandis que Lara Fabian a rendu une visite \u00e0 une adulatrice\u2026 avec l\u2019aide de Rapha\u00ebl, d\u00e9j\u00e0 pi\u00e9g\u00e9 par l\u2019interpr\u00e8te de \u00ab Je t\u2019aime \u00bb deux d\u00e9cennies plus t\u00f4t !<\/p>\n<p class=\"paragraph text_align_left lp-f-body-02\">Une recette modernis\u00e9e, plaisante \u00e0 regarder, et qui n\u2019en oublie pas ses fondamentaux.<\/p>\n","protected":false},"excerpt":{"rendered":"Imaginez \u00eatre \u00e0 l\u2019\u00e9cole, au travail, au restaurant, dans un repas de famille\u2026 Et voir d\u00e9barquer votre c\u00e9l\u00e9brit\u00e9&hellip;\n","protected":false},"author":2,"featured_media":565767,"comment_status":"","ping_status":"","sticky":false,"template":"","format":"standard","meta":{"footnotes":""},"categories":[1355],"tags":[872,58,59,1011,27,1361,873,2205],"class_list":{"0":"post-565766","1":"post","2":"type-post","3":"status-publish","4":"format-standard","5":"has-post-thumbnail","7":"category-musique","8":"tag-culture-et-loisirs","9":"tag-divertissement","10":"tag-entertainment","11":"tag-fr","12":"tag-france","13":"tag-music","14":"tag-musique","15":"tag-television-medias"},"share_on_mastodon":{"url":"https:\/\/pubeurope.com\/@fr\/115630693710251231","error":""},"_links":{"self":[{"href":"https:\/\/www.europesays.com\/fr\/wp-json\/wp\/v2\/posts\/565766","targetHints":{"allow":["GET"]}}],"collection":[{"href":"https:\/\/www.europesays.com\/fr\/wp-json\/wp\/v2\/posts"}],"about":[{"href":"https:\/\/www.europesays.com\/fr\/wp-json\/wp\/v2\/types\/post"}],"author":[{"embeddable":true,"href":"https:\/\/www.europesays.com\/fr\/wp-json\/wp\/v2\/users\/2"}],"replies":[{"embeddable":true,"href":"https:\/\/www.europesays.com\/fr\/wp-json\/wp\/v2\/comments?post=565766"}],"version-history":[{"count":0,"href":"https:\/\/www.europesays.com\/fr\/wp-json\/wp\/v2\/posts\/565766\/revisions"}],"wp:featuredmedia":[{"embeddable":true,"href":"https:\/\/www.europesays.com\/fr\/wp-json\/wp\/v2\/media\/565767"}],"wp:attachment":[{"href":"https:\/\/www.europesays.com\/fr\/wp-json\/wp\/v2\/media?parent=565766"}],"wp:term":[{"taxonomy":"category","embeddable":true,"href":"https:\/\/www.europesays.com\/fr\/wp-json\/wp\/v2\/categories?post=565766"},{"taxonomy":"post_tag","embeddable":true,"href":"https:\/\/www.europesays.com\/fr\/wp-json\/wp\/v2\/tags?post=565766"}],"curies":[{"name":"wp","href":"https:\/\/api.w.org\/{rel}","templated":true}]}}