{"id":565777,"date":"2025-11-29T02:51:20","date_gmt":"2025-11-29T02:51:20","guid":{"rendered":"https:\/\/www.europesays.com\/fr\/565777\/"},"modified":"2025-11-29T02:51:20","modified_gmt":"2025-11-29T02:51:20","slug":"la-taxe-fonciere-va-augmenter-voici-combien-vous-paierez-en-plus-en-2026","status":"publish","type":"post","link":"https:\/\/www.europesays.com\/fr\/565777\/","title":{"rendered":"la taxe fonci\u00e8re va augmenter, voici combien vous paierez en plus en 2026"},"content":{"rendered":"<p>Alors que 2026 approche \u00e0 grands pas, la France ne dispose<br \/>\ntoujours pas d\u2019un budget. Les d\u00e9put\u00e9s et les s\u00e9nateurs doivent<br \/>\nencore voter deux textes avant le 31 d\u00e9cembre 2025 : le projet de<br \/>\nloi de finances (PLF) pour l\u2019\u00c9tat et le projet de loi de<br \/>\nfinancement de la S\u00e9curit\u00e9 sociale (PLFSS). En attendant, le<br \/>\nPremier ministre a pr\u00e9cis\u00e9 les intentions du gouvernement<br \/>\nconcernant <strong>la taxe fonci\u00e8re<\/strong>, qui <strong>va encore<br \/>\naugmenter l&rsquo;an prochain<\/strong>.<\/p>\n<p>Selon l&rsquo;Insee, <a href=\"https:\/\/www.mariefrance.fr\/actualite\/societe\/taxe-fonciere-74-millions-de-francais-exploser-des-2026-sils-possedent-une-baignoire-chez-eux-1220721.html\" target=\"_blank\" rel=\"noopener\">les taxes fonci\u00e8res ont g\u00e9n\u00e9r\u00e9 42,9<br \/>\nmilliards d\u2019euros<\/a> pour les communes et leurs groupements en<br \/>\n2024, dont <strong>26,1 milliards provenant des m\u00e9nages<\/strong> et<br \/>\n16,8 milliards vers\u00e9s par les entreprises. Cette taxe permet aux<br \/>\ncommunes d&rsquo;assurer les services basiques comme les \u00e9coles, la<br \/>\nvoirie ou encore les parcs. L&rsquo;annonce de la hausse va donc soulager<br \/>\nles maires qui ont de plus en plus de mal \u00e0 boucler leurs<br \/>\nbudgets.<\/p>\n<p>S\u00e9bastien Lecornu repousse l&rsquo;augmentation de la taxe<br \/>\nfonci\u00e8re<\/p>\n<p>Mercredi apr\u00e8s-midi, le Premier ministre <a href=\"https:\/\/www.mariefrance.fr\/news-people\/manuel-valls-en-guerre-contre-emmanuel-macron-et-sebastien-lecornu-il-leur-envoie-un-sms-acerbe-ne-me-citez-plus-1215057.html\" target=\"_blank\" rel=\"noopener\">S\u00e9bastien Lecornu<\/a> a pris la<br \/>\nparole face aux s\u00e9nateurs lors des questions au gouvernement. Et il<br \/>\na clairement indiqu\u00e9 que la hausse envisag\u00e9e de la taxe fonci\u00e8re<br \/>\n\u00e9tait mise en pause \u00ab\u00a0d\u2019ici au printemps prochain\u00a0\u00bb, le<br \/>\ntemps d\u2019\u00e9laborer, a-t-il pr\u00e9cis\u00e9, une \u00ab\u00a0nouvelle m\u00e9thode de<br \/>\ncalcul plus locale\u00a0\u00bb. <strong>\u00ab\u00a0J\u2019ai demand\u00e9 aux ministres<br \/>\nconcern\u00e9s de dilater ce calendrier<\/strong> pour nous emmener<br \/>\njusqu\u2019au mois de mai ou juin, pour permettre cette approche<br \/>\nd\u00e9partementale\u00a0\u00bb, voire \u00ab\u00a0commune par commune\u00a0\u00bb, a-t-il<br \/>\najout\u00e9.<\/p>\n<p>Cependant, <strong>cette suspension ne porte que sur<br \/>\nl\u2019int\u00e9gration automatique des \u00e9l\u00e9ments de confort<\/strong><br \/>\n(chauffage, douche, WC\u2026) \u2013 ainsi que les m\u00e8tres carr\u00e9s forfaitaires<br \/>\nassoci\u00e9s \u2013 dans la valeur locative utilis\u00e9e pour calculer la taxe<br \/>\nfonci\u00e8re. Dans le m\u00eame temps, on apprend que la taxe fonci\u00e8re va<br \/>\naugmenter en 2026.<\/p>\n<p><img loading=\"lazy\" decoding=\"async\" aria-describedby=\"caption-attachment-1223620\" itemprop=\"thumbnailUrl\" class=\"wp-image-1223620 img-responsive size-full\" src=\"https:\/\/www.europesays.com\/fr\/wp-content\/uploads\/2025\/11\/2-95.jpg\" alt=\"S\u00e9bastien Lecornu\" width=\"1280\" height=\"720\"\/><br \/>\n\u00a9 Jumeau<br \/>\nAlexis\/ABACA\/Shutterstock<\/p>\n<p id=\"caption-attachment-1223620\" class=\"wp-caption-text\">Le<br \/>\nnouveau calcul de la taxe fonci\u00e8re report\u00e9 \u00e0 2026.<\/p>\n<p>Hausse de la taxe fonci\u00e8re en 2026<\/p>\n<p>C&rsquo;est la mauvaise nouvelle du jour, <a href=\"https:\/\/www.mariefrance.fr\/actualite\/societe\/taxe-fonciere-mauvaise-nouvelle-francais-voici-combien-couter-2026-cest-beaucoup-plus-cher-1218210.html\" target=\"_blank\" rel=\"noopener\">la taxe fonci\u00e8re va bien augmenter<br \/>\nen 2026<\/a>. Ce vendredi 28 novembre, l\u2019Insee a livr\u00e9 son<br \/>\nestimation pour l\u2019\u00e9volution annuelle de l\u2019Indice des prix \u00e0 la<br \/>\nconsommation harmonis\u00e9 (IPCH) au mois de novembre : <strong>0,8<br \/>\n%<\/strong>. Pourquoi ce chiffre compte-t-il pour le calcul de la<br \/>\ntaxe fonci\u00e8re ? Parce que cet indice sert de r\u00e9f\u00e9rence \u00e0 la<br \/>\nrevalorisation automatique des bases locatives chaque ann\u00e9e.<\/p>\n<p>Et m\u00eame si le gouvernement ne rendra officiel ce chiffre final<br \/>\nque dans un peu plus de deux semaines, il devrait tr\u00e8s peu diff\u00e9rer<br \/>\nde l\u2019estimation actuelle. R\u00e9sultat : pour plus de 32 millions de<br \/>\npropri\u00e9taires, <strong>la taxe fonci\u00e8re augmentera m\u00e9caniquement de<br \/>\n0,8 % en 2026<\/strong>. De quoi faire grimper la taxe fonci\u00e8re<br \/>\nmoyenne d\u2019un propri\u00e9taire de maison de 1 090 euros cette ann\u00e9e \u00e0 1<br \/>\n100 euros en 2026. Pour un appartement, elle \u00e9voluerait de 865<br \/>\neuros \u00e0 872 euros.<\/p>\n<p><img loading=\"lazy\" decoding=\"async\" aria-describedby=\"caption-attachment-1223619\" class=\"wp-image-1223619 img-responsive size-full\" src=\"https:\/\/www.europesays.com\/fr\/wp-content\/uploads\/2025\/11\/1-96.jpg\" alt=\"Des dossiers sur une table\" width=\"1280\" height=\"720\"\/><br \/>\n\u00a9<br \/>\nShutterstock\/LeeCharlie<\/p>\n<p id=\"caption-attachment-1223619\" class=\"wp-caption-text\">Hausse<br \/>\nde 0,8% de la taxe fonci\u00e8re.<\/p>\n<p>Plusieurs ann\u00e9es de hausse<br \/>\ncons\u00e9cutives<\/p>\n<p>Cette mauvaise nouvelle pour les contribuables est en passe de<br \/>\ndevenir une habitude. En effet, l\u2019an dernier, l\u2019IPCH avait entra\u00een\u00e9<br \/>\nune hausse mod\u00e9r\u00e9e de 1,7 % de la taxe fonci\u00e8re, mais cette<br \/>\nrevalorisation atteignait 3,8 % en 2024, figurant parmi les cinq<br \/>\nplus fortes des quarante derni\u00e8res ann\u00e9es. Et cela restait encore<br \/>\nbien en dessous du niveau atteint <strong>en 2022<\/strong>, o\u00f9<br \/>\n<strong>l\u2019augmentation avait grimp\u00e9 \u00e0 7,1 %<\/strong>, un taux<br \/>\nconsid\u00e9r\u00e9 comme historique.<\/p>\n<p><img loading=\"lazy\" decoding=\"async\" aria-describedby=\"caption-attachment-1223622\" class=\"wp-image-1223622 img-responsive size-full\" src=\"https:\/\/www.europesays.com\/fr\/wp-content\/uploads\/2025\/11\/4-30.jpg\" alt=\"Un homme qui compte\" width=\"1280\" height=\"720\"\/><br \/>\n\u00a9<br \/>\nShutterstock\/MAYALAB<\/p>\n<p id=\"caption-attachment-1223622\" class=\"wp-caption-text\">Une<br \/>\nhausse moins forte que les ann\u00e9es pr\u00e9c\u00e9dentes.<\/p>\n<p>Et malheureusement, cette nouvelle ne vient pas seule. En plus<br \/>\nde cette revalorisation pr\u00e9vue pour 2026 pourrait s\u2019ajouter<br \/>\n<strong>une \u00e9ventuelle hausse des taux d\u00e9cid\u00e9e par les communes ou<br \/>\nintercommunalit\u00e9s<\/strong>. En 2024, 14 % d\u2019entre elles avaient \u2014<br \/>\nd\u2019apr\u00e8s la DGFiP \u2014 opt\u00e9 pour cette solution afin de renforcer leur<br \/>\nbudget. Mais avec les municipales de mars en ligne de mire, les<br \/>\n\u00e9diles candidats \u00e0 leur propre succession pourraient, en principe,<br \/>\n\u00e9viter de trop alourdir la note.<\/p>\n","protected":false},"excerpt":{"rendered":"Alors que 2026 approche \u00e0 grands pas, la France ne dispose toujours pas d\u2019un budget. Les d\u00e9put\u00e9s et&hellip;\n","protected":false},"author":2,"featured_media":565778,"comment_status":"","ping_status":"","sticky":false,"template":"","format":"standard","meta":{"footnotes":""},"categories":[6],"tags":[35,33,34,1011,27],"class_list":{"0":"post-565777","1":"post","2":"type-post","3":"status-publish","4":"format-standard","5":"has-post-thumbnail","7":"category-economie","8":"tag-business","9":"tag-economie","10":"tag-economy","11":"tag-fr","12":"tag-france"},"share_on_mastodon":{"url":"https:\/\/pubeurope.com\/@fr\/115630722137510921","error":""},"_links":{"self":[{"href":"https:\/\/www.europesays.com\/fr\/wp-json\/wp\/v2\/posts\/565777","targetHints":{"allow":["GET"]}}],"collection":[{"href":"https:\/\/www.europesays.com\/fr\/wp-json\/wp\/v2\/posts"}],"about":[{"href":"https:\/\/www.europesays.com\/fr\/wp-json\/wp\/v2\/types\/post"}],"author":[{"embeddable":true,"href":"https:\/\/www.europesays.com\/fr\/wp-json\/wp\/v2\/users\/2"}],"replies":[{"embeddable":true,"href":"https:\/\/www.europesays.com\/fr\/wp-json\/wp\/v2\/comments?post=565777"}],"version-history":[{"count":0,"href":"https:\/\/www.europesays.com\/fr\/wp-json\/wp\/v2\/posts\/565777\/revisions"}],"wp:featuredmedia":[{"embeddable":true,"href":"https:\/\/www.europesays.com\/fr\/wp-json\/wp\/v2\/media\/565778"}],"wp:attachment":[{"href":"https:\/\/www.europesays.com\/fr\/wp-json\/wp\/v2\/media?parent=565777"}],"wp:term":[{"taxonomy":"category","embeddable":true,"href":"https:\/\/www.europesays.com\/fr\/wp-json\/wp\/v2\/categories?post=565777"},{"taxonomy":"post_tag","embeddable":true,"href":"https:\/\/www.europesays.com\/fr\/wp-json\/wp\/v2\/tags?post=565777"}],"curies":[{"name":"wp","href":"https:\/\/api.w.org\/{rel}","templated":true}]}}