{"id":565785,"date":"2025-11-29T02:55:17","date_gmt":"2025-11-29T02:55:17","guid":{"rendered":"https:\/\/www.europesays.com\/fr\/565785\/"},"modified":"2025-11-29T02:55:17","modified_gmt":"2025-11-29T02:55:17","slug":"eric-le-jaouen-milite-pour-un-debat-entre-candidats-avant-noel","status":"publish","type":"post","link":"https:\/\/www.europesays.com\/fr\/565785\/","title":{"rendered":"Eric Le Jaouen milite pour un d\u00e9bat entre candidats avant No\u00ebl"},"content":{"rendered":"\n<p>\u00c9ric Le Jaouen souhaite organiser un d\u00e9bat avant No\u00ebl. Le candidat Horizons pour la mairie de Saint-\u00c9tienne en mars 2026 aimerait que ses concurrents et lui-m\u00eame se retrouvent pour un temps d\u2019\u00e9change. Si possible d\u2019ici la fin de l\u2019ann\u00e9e civile.<\/p>\n<p>Le socialiste R\u00e9gis Juanico et Corentin Jousserand pour le RN ont d\u00e9j\u00e0 donn\u00e9 leur accord pour participer \u00e0 ce rendez-vous. \u00c9ric Le Jaouen attend maintenant le retour des autres t\u00eates de liste.<\/p>\n","protected":false},"excerpt":{"rendered":"\u00c9ric Le Jaouen souhaite organiser un d\u00e9bat avant No\u00ebl. Le candidat Horizons pour la mairie de Saint-\u00c9tienne en&hellip;\n","protected":false},"author":2,"featured_media":565786,"comment_status":"","ping_status":"","sticky":false,"template":"","format":"standard","meta":{"footnotes":""},"categories":[9653],"tags":[1111,11,2430,426,1292,1777,674,1011,27,68134,5415,12,316,25,4001],"class_list":{"0":"post-565785","1":"post","2":"type-post","3":"status-publish","4":"format-standard","5":"has-post-thumbnail","7":"category-saint-etienne","8":"tag-actu","9":"tag-actualites","10":"tag-auvergne-rhone-alpes","11":"tag-candidat","12":"tag-debat","13":"tag-eu","14":"tag-europe","15":"tag-fr","16":"tag-france","17":"tag-le_jaouen","18":"tag-mairie","19":"tag-news","20":"tag-politique","21":"tag-republique-francaise","22":"tag-saint-etienne"},"share_on_mastodon":{"url":"https:\/\/pubeurope.com\/@fr\/115630736935647645","error":""},"_links":{"self":[{"href":"https:\/\/www.europesays.com\/fr\/wp-json\/wp\/v2\/posts\/565785","targetHints":{"allow":["GET"]}}],"collection":[{"href":"https:\/\/www.europesays.com\/fr\/wp-json\/wp\/v2\/posts"}],"about":[{"href":"https:\/\/www.europesays.com\/fr\/wp-json\/wp\/v2\/types\/post"}],"author":[{"embeddable":true,"href":"https:\/\/www.europesays.com\/fr\/wp-json\/wp\/v2\/users\/2"}],"replies":[{"embeddable":true,"href":"https:\/\/www.europesays.com\/fr\/wp-json\/wp\/v2\/comments?post=565785"}],"version-history":[{"count":0,"href":"https:\/\/www.europesays.com\/fr\/wp-json\/wp\/v2\/posts\/565785\/revisions"}],"wp:featuredmedia":[{"embeddable":true,"href":"https:\/\/www.europesays.com\/fr\/wp-json\/wp\/v2\/media\/565786"}],"wp:attachment":[{"href":"https:\/\/www.europesays.com\/fr\/wp-json\/wp\/v2\/media?parent=565785"}],"wp:term":[{"taxonomy":"category","embeddable":true,"href":"https:\/\/www.europesays.com\/fr\/wp-json\/wp\/v2\/categories?post=565785"},{"taxonomy":"post_tag","embeddable":true,"href":"https:\/\/www.europesays.com\/fr\/wp-json\/wp\/v2\/tags?post=565785"}],"curies":[{"name":"wp","href":"https:\/\/api.w.org\/{rel}","templated":true}]}}