{"id":565789,"date":"2025-11-29T02:57:35","date_gmt":"2025-11-29T02:57:35","guid":{"rendered":"https:\/\/www.europesays.com\/fr\/565789\/"},"modified":"2025-11-29T02:57:35","modified_gmt":"2025-11-29T02:57:35","slug":"lincontournable-video-mapping-de-saint-nicolas","status":"publish","type":"post","link":"https:\/\/www.europesays.com\/fr\/565789\/","title":{"rendered":"L\u2019incontournable vid\u00e9o mapping de Saint-Nicolas"},"content":{"rendered":"<p>Incontournable des f\u00eates \u00e0 Nancy, le vid\u00e9o mapping consacr\u00e9 \u00e0 la l\u00e9gende de saint Nicolas projet\u00e9 en fa\u00e7ade de l\u2019h\u00f4tel de ville. Avec une nouvelle version cette ann\u00e9e\u00a0: le patron y est trait\u00e9 fa\u00e7on jeu vid\u00e9o des ann\u00e9es 80. Soit un d\u00e9ferlement de pixels joyeusement color\u00e9s dans une ambiance sonore pleine de bips. Pixels de l\u00e9gende , titre du nouveau vid\u00e9o mapping de fin d\u2019ann\u00e9e con\u00e7u par AVExtended, annonce en effet la couleur\u00a0: hommage y est rendu aux origines des jeux vid\u00e9o, du temps o\u00f9 les silhouettes devaient se contenter de quelques pixels grossiers pour se dessiner, et les mouvements se r\u00e9duire \u00e0 des tressautements saccad\u00e9s fa\u00e7on robot.<\/p>\n<p class=\"note\">Pixels de l\u00e9gende , tous les soirs place Stanislas \u00e0 18\u00a0h du dimanche au jeudi. Les vendredis et samedis, deux projections\u00a0: \u00e0 18\u00a0h et \u00e0 19\u00a0h. Jusqu\u2019au 4\u00a0janvier.<\/p>\n","protected":false},"excerpt":{"rendered":"Incontournable des f\u00eates \u00e0 Nancy, le vid\u00e9o mapping consacr\u00e9 \u00e0 la l\u00e9gende de saint Nicolas projet\u00e9 en fa\u00e7ade&hellip;\n","protected":false},"author":2,"featured_media":565790,"comment_status":"","ping_status":"","sticky":false,"template":"","format":"standard","meta":{"footnotes":""},"categories":[9635],"tags":[1111,11,1687,1704,1777,674,1011,27,775,1702,1703,12,25,3140],"class_list":{"0":"post-565789","1":"post","2":"type-post","3":"status-publish","4":"format-standard","5":"has-post-thumbnail","7":"category-nancy","8":"tag-actu","9":"tag-actualites","10":"tag-culture-loisirs","11":"tag-edition-nancy-et-agglomeration","12":"tag-eu","13":"tag-europe","14":"tag-fr","15":"tag-france","16":"tag-grand-est","17":"tag-nancy","18":"tag-nancy-ville-54b","19":"tag-news","20":"tag-republique-francaise","21":"tag-spectacle"},"share_on_mastodon":{"url":"https:\/\/pubeurope.com\/@fr\/115630744815365779","error":""},"_links":{"self":[{"href":"https:\/\/www.europesays.com\/fr\/wp-json\/wp\/v2\/posts\/565789","targetHints":{"allow":["GET"]}}],"collection":[{"href":"https:\/\/www.europesays.com\/fr\/wp-json\/wp\/v2\/posts"}],"about":[{"href":"https:\/\/www.europesays.com\/fr\/wp-json\/wp\/v2\/types\/post"}],"author":[{"embeddable":true,"href":"https:\/\/www.europesays.com\/fr\/wp-json\/wp\/v2\/users\/2"}],"replies":[{"embeddable":true,"href":"https:\/\/www.europesays.com\/fr\/wp-json\/wp\/v2\/comments?post=565789"}],"version-history":[{"count":0,"href":"https:\/\/www.europesays.com\/fr\/wp-json\/wp\/v2\/posts\/565789\/revisions"}],"wp:featuredmedia":[{"embeddable":true,"href":"https:\/\/www.europesays.com\/fr\/wp-json\/wp\/v2\/media\/565790"}],"wp:attachment":[{"href":"https:\/\/www.europesays.com\/fr\/wp-json\/wp\/v2\/media?parent=565789"}],"wp:term":[{"taxonomy":"category","embeddable":true,"href":"https:\/\/www.europesays.com\/fr\/wp-json\/wp\/v2\/categories?post=565789"},{"taxonomy":"post_tag","embeddable":true,"href":"https:\/\/www.europesays.com\/fr\/wp-json\/wp\/v2\/tags?post=565789"}],"curies":[{"name":"wp","href":"https:\/\/api.w.org\/{rel}","templated":true}]}}