{"id":565799,"date":"2025-11-29T03:05:44","date_gmt":"2025-11-29T03:05:44","guid":{"rendered":"https:\/\/www.europesays.com\/fr\/565799\/"},"modified":"2025-11-29T03:05:44","modified_gmt":"2025-11-29T03:05:44","slug":"une-ecole-evacuee-en-raison-dun-taux-de-monoxyde-de-carbone-anormal-a-canteleu-pres-de-rouen","status":"publish","type":"post","link":"https:\/\/www.europesays.com\/fr\/565799\/","title":{"rendered":"Une \u00e9cole \u00e9vacu\u00e9e en raison d&rsquo;un taux de monoxyde de carbone anormal \u00e0 Canteleu, pr\u00e8s de Rouen"},"content":{"rendered":"<p>Ce vendredi 28 novembre \u00e0 9h30, un taux anormal de monoxyde de carbone a \u00e9t\u00e9 d\u00e9tect\u00e9 dans la chaudi\u00e8re de l&rsquo;\u00e9cole maternelle \u00c9mile Zola de Canteleu, dans la m\u00e9tropole de Rouen. Les enfants ont \u00e9t\u00e9 \u00e9vacu\u00e9s. <\/p>\n<p>Les enfants de l&rsquo;\u00e9cole maternelle \u00c9mile Zola de Canteleu, dans la m\u00e9tropole de Rouen ont \u00e9t\u00e9 \u00e9vacu\u00e9s ce vendredi 28 novembre 2025. Vers 9h30, un taux de monoxyde de carbone anormal a \u00e9t\u00e9 d\u00e9tect\u00e9 dans la chaudi\u00e8re attenante \u00e0 l&rsquo;\u00e9tablissement, indique la mairie \u00e0 ICI Normandie. Les enfants ont \u00e9t\u00e9 \u00e9vacu\u00e9s en pr\u00e9sence des pompiers.<\/p>\n<p>La fuite serait li\u00e9e \u00e0 une valve d\u00e9fectueuse dans la chaudi\u00e8re, explique la mairie, qui indique que GRDF est intervenu dans la journ\u00e9e pour la r\u00e9parer. M\u00eame si le gaz n&rsquo;a pas \u00e9t\u00e9 rep\u00e9r\u00e9 dans l&rsquo;\u00e9cole mais dans un b\u00e2timent \u00e0 c\u00f4t\u00e9, <strong>le protocole est strict<\/strong>\u00a0: les enfants ont d\u00fb quitter les lieux. Ils ont \u00e9t\u00e9 transport\u00e9s au gymnase Calmat o\u00f9 ils ont tous \u00e9t\u00e9 examin\u00e9s par des m\u00e9decins du SAMU et du SDIS, \u00e0 deux reprises.<\/p>\n<p>Les parents ne doivent pas se rendre sur place<\/p>\n<p>Douze enfants pr\u00e9sentaient des sympt\u00f4mes pouvant \u00eatre li\u00e9s \u00e0 une intoxication (comme des maux de ventre). Comme le veux la proc\u00e9dure, ils ont \u00e9t\u00e9 transport\u00e9s \u00e0 l&rsquo;h\u00f4pital <strong>pour faire des prises de sang<\/strong>. Huit d&rsquo;entre eux sont all\u00e9s au CHU, quatre \u00e0 l&rsquo;h\u00f4pital Saint-Julien \u00e0 Petit-Quevilly. Les analyses permettront de dire s&rsquo;ils ont inhal\u00e9 du monoxyde de carbone ou s&rsquo;ils ont simplement attrap\u00e9 un virus hivernal. Les parents pourront aller les chercher sur place.<\/p>\n<p>Les autres passeront la journ\u00e9e au gymnase jusqu&rsquo;\u00e0 la fin des cours. La mairie a donc pr\u00e9vu des repas pour tous les enfants, demi-pensionnaires ou non. Ils peuvent faire la sieste dans le dojo du gymnase. <strong>Les parents ne pourront venir les r\u00e9cup\u00e9rer qu&rsquo;aux heures habituelles de sortie scolaire<\/strong>. L&rsquo;\u00e9cole sera bien ouverte ce lundi.<\/p>\n","protected":false},"excerpt":{"rendered":"Ce vendredi 28 novembre \u00e0 9h30, un taux anormal de monoxyde de carbone a \u00e9t\u00e9 d\u00e9tect\u00e9 dans la&hellip;\n","protected":false},"author":2,"featured_media":565800,"comment_status":"","ping_status":"","sticky":false,"template":"","format":"standard","meta":{"footnotes":""},"categories":[9587],"tags":[1111,11,1777,674,1011,27,12,5161,25,9590],"class_list":{"0":"post-565799","1":"post","2":"type-post","3":"status-publish","4":"format-standard","5":"has-post-thumbnail","7":"category-rouen","8":"tag-actu","9":"tag-actualites","10":"tag-eu","11":"tag-europe","12":"tag-fr","13":"tag-france","14":"tag-news","15":"tag-normandie","16":"tag-republique-francaise","17":"tag-rouen"},"share_on_mastodon":{"url":"https:\/\/pubeurope.com\/@fr\/115630776230939177","error":""},"_links":{"self":[{"href":"https:\/\/www.europesays.com\/fr\/wp-json\/wp\/v2\/posts\/565799","targetHints":{"allow":["GET"]}}],"collection":[{"href":"https:\/\/www.europesays.com\/fr\/wp-json\/wp\/v2\/posts"}],"about":[{"href":"https:\/\/www.europesays.com\/fr\/wp-json\/wp\/v2\/types\/post"}],"author":[{"embeddable":true,"href":"https:\/\/www.europesays.com\/fr\/wp-json\/wp\/v2\/users\/2"}],"replies":[{"embeddable":true,"href":"https:\/\/www.europesays.com\/fr\/wp-json\/wp\/v2\/comments?post=565799"}],"version-history":[{"count":0,"href":"https:\/\/www.europesays.com\/fr\/wp-json\/wp\/v2\/posts\/565799\/revisions"}],"wp:featuredmedia":[{"embeddable":true,"href":"https:\/\/www.europesays.com\/fr\/wp-json\/wp\/v2\/media\/565800"}],"wp:attachment":[{"href":"https:\/\/www.europesays.com\/fr\/wp-json\/wp\/v2\/media?parent=565799"}],"wp:term":[{"taxonomy":"category","embeddable":true,"href":"https:\/\/www.europesays.com\/fr\/wp-json\/wp\/v2\/categories?post=565799"},{"taxonomy":"post_tag","embeddable":true,"href":"https:\/\/www.europesays.com\/fr\/wp-json\/wp\/v2\/tags?post=565799"}],"curies":[{"name":"wp","href":"https:\/\/api.w.org\/{rel}","templated":true}]}}