{"id":565803,"date":"2025-11-29T03:09:18","date_gmt":"2025-11-29T03:09:18","guid":{"rendered":"https:\/\/www.europesays.com\/fr\/565803\/"},"modified":"2025-11-29T03:09:18","modified_gmt":"2025-11-29T03:09:18","slug":"pro-d2-cest-notre-melee-qui-nous-a-fait-gagner-analyse-mathis-baret-grenoble","status":"publish","type":"post","link":"https:\/\/www.europesays.com\/fr\/565803\/","title":{"rendered":"Pro D2 \u2013 \u00ab\u00a0C\u2019est notre m\u00eal\u00e9e qui nous a fait gagner\u00a0\u00bb, analyse Mathis Baret (Grenoble)"},"content":{"rendered":"<p>\n                De plus en plus \u00e9panoui au sein du collectif grenoblois, l\u2019international U20 a encore une fois guid\u00e9 les siens vers une importante victoire face \u00e0 Biarritz, m\u00eame s\u2019il d\u00e9plorait les impr\u00e9cisions qui les ont priv\u00e9s d\u2019un potentiel bonus offensif.\n            <\/p>\n<p><strong>Malgr\u00e9 vos nombreuses tentatives, votre \u00e9quipe n\u2019est pas parvenue \u00e0 d\u00e9crocher le bonus offensif qu\u2019elle visait contre Biarritz. Ces quatre points vous suffisent-ils\u00a0?<\/strong><\/p>\n<p>Pour moi, personnellement, il y a une petite frustration. C\u2019est s\u00fbr qu\u2019on voulait aller chercher ces cinq points, et on n\u2019y est pas parvenus. <strong><a href=\"https:\/\/www.rugbyrama.fr\/2025\/11\/28\/pro-d2-grenoble-simpose-non-sans-peine-face-a-biarritz-13080472.php\" target=\"_self\" rel=\"noopener\">Plusieurs fois dans le match<\/a><\/strong>, on a eu l\u2019occasion de faire le break, mais on a commis des petites erreurs qui les ont laiss\u00e9s dans le match. Apr\u00e8s, ces matchs en retour de vacances, \u00e0 domicile, c\u2019est toujours pi\u00e9geux et c\u2019\u00e9tait important pour nous d\u2019attaquer par une victoire, surtout face \u00e0 des Biarrots revanchards qui venaient de perdre \u00e0 la maison. Il fallait valider ce match assez compliqu\u00e9 \u00e0 man\u0153uvrer pour une reprise, et \u00e7a a \u00e9t\u00e9 chose faite m\u00eame si on n\u2019est pas all\u00e9 chercher le bonus.<\/p>\n<p><strong>Un peu comme \u00e0 Vannes, vous avez encore connu de nombreuses impr\u00e9cisions en zone de marque\u2026<\/strong><\/p>\n<p>C\u2019est \u00e7a, il y a toujours ces petites impr\u00e9cisions \u00e0 des moments cl\u00e9s, qu\u2019il faut qu\u2019on gomme. Si tout le monde y va de sa petite erreur, \u00e7a rend n\u2019importe quel match compliqu\u00e9. Heureusement, on a quand m\u00eame de l\u2019orgueil pour aller chercher des points quand c\u2019est n\u00e9cessaire. C\u2019est gr\u00e2ce un peu au public, notamment. On voit que \u00e7a a \u00e9t\u00e9 assez compliqu\u00e9 par moments ce soir, mais le groupe a bien r\u00e9agi dans les moments importants.<\/p>\n<p><strong>Le point positif, en revanche, a \u00e9t\u00e9 votre m\u00eal\u00e9e qui a permis aux deux num\u00e9ros\u00a08 du FCG de marquer\u2026<\/strong><\/p>\n<p>L\u2019effort en m\u00eal\u00e9e des avants a \u00e9t\u00e9 super important. Pour nous, les num\u00e9ros huit, c\u2019est super quand \u00e7a se passe comme \u00e7a. C\u2019est clairement ce qui nous fait gagner ce soir, donc continuer comme \u00e7a, en gardant \u00e0 l\u2019esprit que ce ne sera pas toujours aussi simple dans ce secteur. Il va falloir bosser, ainsi que sur tous les compartiments du jeu, notamment notre touche qui a connu quelques difficult\u00e9s.<\/p>\n<p><strong>\u00c0 titre personnel, vous \u00eates l\u2019avant le plus utilis\u00e9 du pack is\u00e9rois, au sein duquel vous vous \u00e9panouissez de plus en plus\u2026<\/strong><\/p>\n<p>J\u2019ai encore cette insouciance du jeune qui monte, mais c\u2019est s\u00fbr que je prends de plus en plus confiance, car les joueurs de l\u2019\u00e9quipe me font de plus en plus confiance. C\u2019est vraiment quelque chose que j\u2019ai ressenti depuis le d\u00e9but de saison donc, franchement, c\u2019est super. J\u2019essaie d\u2019un peu plus me proposer, prendre plus de risques. Dans le jeu aussi, je pense me rendre le plus disponible possible. Forc\u00e9ment, plus tu te proposes, plus tu provoques la chance. Je me sens de mieux en mieux dans ce collectif et c\u2019est de bon augure pour la suite, d\u2019autant qu\u2019il y a encore du monde qui va rentrer pour pousser l\u2019\u00e9quipe vers le haut.<\/p>\n","protected":false},"excerpt":{"rendered":"De plus en plus \u00e9panoui au sein du collectif grenoblois, l\u2019international U20 a encore une fois guid\u00e9 les&hellip;\n","protected":false},"author":2,"featured_media":565804,"comment_status":"","ping_status":"","sticky":false,"template":"","format":"standard","meta":{"footnotes":""},"categories":[9566],"tags":[1111,11,2430,1777,674,1011,27,2731,12,25],"class_list":{"0":"post-565803","1":"post","2":"type-post","3":"status-publish","4":"format-standard","5":"has-post-thumbnail","7":"category-grenoble","8":"tag-actu","9":"tag-actualites","10":"tag-auvergne-rhone-alpes","11":"tag-eu","12":"tag-europe","13":"tag-fr","14":"tag-france","15":"tag-grenoble","16":"tag-news","17":"tag-republique-francaise"},"share_on_mastodon":{"url":"https:\/\/pubeurope.com\/@fr\/115630792114162300","error":""},"_links":{"self":[{"href":"https:\/\/www.europesays.com\/fr\/wp-json\/wp\/v2\/posts\/565803","targetHints":{"allow":["GET"]}}],"collection":[{"href":"https:\/\/www.europesays.com\/fr\/wp-json\/wp\/v2\/posts"}],"about":[{"href":"https:\/\/www.europesays.com\/fr\/wp-json\/wp\/v2\/types\/post"}],"author":[{"embeddable":true,"href":"https:\/\/www.europesays.com\/fr\/wp-json\/wp\/v2\/users\/2"}],"replies":[{"embeddable":true,"href":"https:\/\/www.europesays.com\/fr\/wp-json\/wp\/v2\/comments?post=565803"}],"version-history":[{"count":0,"href":"https:\/\/www.europesays.com\/fr\/wp-json\/wp\/v2\/posts\/565803\/revisions"}],"wp:featuredmedia":[{"embeddable":true,"href":"https:\/\/www.europesays.com\/fr\/wp-json\/wp\/v2\/media\/565804"}],"wp:attachment":[{"href":"https:\/\/www.europesays.com\/fr\/wp-json\/wp\/v2\/media?parent=565803"}],"wp:term":[{"taxonomy":"category","embeddable":true,"href":"https:\/\/www.europesays.com\/fr\/wp-json\/wp\/v2\/categories?post=565803"},{"taxonomy":"post_tag","embeddable":true,"href":"https:\/\/www.europesays.com\/fr\/wp-json\/wp\/v2\/tags?post=565803"}],"curies":[{"name":"wp","href":"https:\/\/api.w.org\/{rel}","templated":true}]}}