{"id":565886,"date":"2025-11-29T04:04:15","date_gmt":"2025-11-29T04:04:15","guid":{"rendered":"https:\/\/www.europesays.com\/fr\/565886\/"},"modified":"2025-11-29T04:04:15","modified_gmt":"2025-11-29T04:04:15","slug":"ligue-1-les-images-lunaires-de-koffi-kouao-le-defenseur-de-metz-qui-refuse-de-sechauffer-avant-le-match-contre-rennes","status":"publish","type":"post","link":"https:\/\/www.europesays.com\/fr\/565886\/","title":{"rendered":"Ligue\u00a01\u00a0: les images lunaires de Koffi Kouao, le d\u00e9fenseur de Metz, qui refuse de s\u2019\u00e9chauffer avant le match contre Rennes"},"content":{"rendered":"<p class=\"paragraph text_align_left lp-f-body-02\">Une attitude surprenante. Koffi Kouao, l\u2019arri\u00e8re droit du <a href=\"https:\/\/www.leparisien.fr\/sports\/football\/ligue-1\/paris-fc-metz-3-2-un-super-kebbal-apporte-un-premier-succes-au-promu-31-08-2025-I7A2CFE63ZBL3LP3ZGRZB64UQA.php\" target=\"_self\" rel=\"noopener\">FC Metz<\/a>, a semble-t-il tr\u00e8s mal v\u00e9cu le choix de <a href=\"https:\/\/www.leparisien.fr\/sports\/football\/ligue-1\/jenvie-leur-niveau-stephane-le-mignan-coach-de-metz-bizut-en-ligue-1-et-fan-de-de-zerbi-et-luis-enrique-04-10-2025-6KPADU3WNJHZBEDZ3WKTHDDNZM.php\" target=\"_self\" rel=\"noopener\">son entra\u00eeneur St\u00e9phane Le Mignan<\/a> de le placer sur le banc des rempla\u00e7ants au coup d\u2019envoi du match d\u2019ouverture de la 14e journ\u00e9e de <a href=\"https:\/\/www.leparisien.fr\/sports\/football\/ligue-1\/\" target=\"_self\" rel=\"noopener\">Ligue 1<\/a> face \u00e0 Rennes. Cadre du vestiaire messin, le d\u00e9fenseur ivoirien a tout simplement refus\u00e9 de s\u2019\u00e9chauffer ce vendredi au stade Saint-Symphorien.<\/p>\n<p class=\"paragraph text_align_left lp-f-body-02\">Apparemment d\u00e9pit\u00e9 de perdre son statut de titulaire, Kouao, qui avait jusqu\u2019\u00e0 pr\u00e9sent d\u00e9marr\u00e9 tous les matchs des Grenats cette saison, s\u2019est assis sur un ballon et n\u2019a pas rejoint ses partenaires pour monter en puissance avant la rencontre. Ces derniers, comme des membres du staff, ont bien tent\u00e9 de le remobiliser mais rien n\u2019y a fait.<\/p>\n<blockquote class=\"twitter-tweet\">\n<p lang=\"fr\" dir=\"ltr\">A\u00efe \ud83e\udd76<\/p>\n<p>L\u2019attitude de Koffi Kouao \u00e0 l\u2019\u00e9chauffement laisse penser \u00e0 une certaine frustration d\u2019\u00eatre rempla\u00e7ant ce soir face au Stade Rennais \ud83e\udd14 <a href=\"https:\/\/t.co\/HxeFHfG71U\">pic.twitter.com\/HxeFHfG71U<\/a><\/p>\n<p>\u2014 L1+ (@ligue1plus) <a href=\"https:\/\/twitter.com\/ligue1plus\/status\/1994490031977763270?ref_src=twsrc%5Etfw\" target=\"_blank\" rel=\"noopener\">November 28, 2025<\/a><\/p><\/blockquote>\n<p>L\u2019un des chouchous des supporters<\/p>\n<p class=\"paragraph text_align_left lp-f-body-02\">D\u00e9barqu\u00e9 en <a href=\"https:\/\/www.leparisien.fr\/moselle-57\/\" target=\"_self\" rel=\"noopener\">Moselle<\/a> \u00e0 l\u2019\u00e9t\u00e9 2022 en provenance de Vizela au Portugal, le lat\u00e9ral de 27 ans s\u2019est rapidement impos\u00e9 dans son \u00e9quipe. Devenu l\u2019un des chouchous des supporters, il est actuellement en discussion pour renouveler son contrat, qui expire en 2026.<\/p>\n<p class=\"paragraph text_align_left lp-f-body-02\">Ce vendredi, Kouao a fait les frais du turnover op\u00e9r\u00e9 par St\u00e9phane Le Mignan. Habitu\u00e9 au 4-2-3-1, le technicien de 51 ans a choisi d\u2019aligner Maxime Colin et <a href=\"https:\/\/www.leparisien.fr\/sports\/football\/psg\/psg-affaire-ballo-toure-le-losc-condamne-13-06-2017-7048509.php\" target=\"_self\" rel=\"noopener\">Fod\u00e9 Ballo-Tour\u00e9<\/a> dans les couloirs face aux Bretons. Une d\u00e9cision qui n\u2019a pas emp\u00each\u00e9 les Messins de conc\u00e9der l\u2019ouverture du score, sign\u00e9e <a href=\"https:\/\/www.leparisien.fr\/sports\/football\/ligue-1\/cest-ca-le-football-quand-valentin-rongier-recoit-une-chevre-pour-feter-son-transfert-a-rennes-21-07-2025-XAFR6PZWQRFKLDJSFHPN3MZRRU.php\" target=\"_blank\" rel=\"noopener\">Valentin Rongier<\/a>, \u00e0 la 22e minute.<\/p>\n<p class=\"paragraph text_align_left lp-f-body-02\">Actuellement dans la zone rouge du classement, Metz s\u2019est relanc\u00e9 \u00e0 la suite d\u2019un d\u00e9but de saison totalement manqu\u00e9. Apr\u00e8s avoir gagn\u00e9 leur premier match le 29 octobre dernier, les Grenats ont encha\u00een\u00e9 deux autres victoires et sont \u00e0 \u00e9galit\u00e9 de points avec le premier non-rel\u00e9gable, le FC Nantes.<\/p>\n<p><script async src=\"https:\/\/platform.twitter.com\/widgets.js\" charset=\"utf-8\"><\/script><\/p>\n","protected":false},"excerpt":{"rendered":"Une attitude surprenante. Koffi Kouao, l\u2019arri\u00e8re droit du FC Metz, a semble-t-il tr\u00e8s mal v\u00e9cu le choix de&hellip;\n","protected":false},"author":2,"featured_media":565887,"comment_status":"","ping_status":"","sticky":false,"template":"","format":"standard","meta":{"footnotes":""},"categories":[9],"tags":[63,1011,27,66,60],"class_list":{"0":"post-565886","1":"post","2":"type-post","3":"status-publish","4":"format-standard","5":"has-post-thumbnail","7":"category-sports","8":"tag-football","9":"tag-fr","10":"tag-france","11":"tag-ligue-1","12":"tag-sports"},"share_on_mastodon":{"url":"https:\/\/pubeurope.com\/@fr\/115631008221256916","error":""},"_links":{"self":[{"href":"https:\/\/www.europesays.com\/fr\/wp-json\/wp\/v2\/posts\/565886","targetHints":{"allow":["GET"]}}],"collection":[{"href":"https:\/\/www.europesays.com\/fr\/wp-json\/wp\/v2\/posts"}],"about":[{"href":"https:\/\/www.europesays.com\/fr\/wp-json\/wp\/v2\/types\/post"}],"author":[{"embeddable":true,"href":"https:\/\/www.europesays.com\/fr\/wp-json\/wp\/v2\/users\/2"}],"replies":[{"embeddable":true,"href":"https:\/\/www.europesays.com\/fr\/wp-json\/wp\/v2\/comments?post=565886"}],"version-history":[{"count":0,"href":"https:\/\/www.europesays.com\/fr\/wp-json\/wp\/v2\/posts\/565886\/revisions"}],"wp:featuredmedia":[{"embeddable":true,"href":"https:\/\/www.europesays.com\/fr\/wp-json\/wp\/v2\/media\/565887"}],"wp:attachment":[{"href":"https:\/\/www.europesays.com\/fr\/wp-json\/wp\/v2\/media?parent=565886"}],"wp:term":[{"taxonomy":"category","embeddable":true,"href":"https:\/\/www.europesays.com\/fr\/wp-json\/wp\/v2\/categories?post=565886"},{"taxonomy":"post_tag","embeddable":true,"href":"https:\/\/www.europesays.com\/fr\/wp-json\/wp\/v2\/tags?post=565886"}],"curies":[{"name":"wp","href":"https:\/\/api.w.org\/{rel}","templated":true}]}}