{"id":565901,"date":"2025-11-29T04:16:59","date_gmt":"2025-11-29T04:16:59","guid":{"rendered":"https:\/\/www.europesays.com\/fr\/565901\/"},"modified":"2025-11-29T04:16:59","modified_gmt":"2025-11-29T04:16:59","slug":"saint-etienne-saintelyon-match-de-lasse-concerts-comment-echapper-au-bazar-samedi","status":"publish","type":"post","link":"https:\/\/www.europesays.com\/fr\/565901\/","title":{"rendered":"Saint-\u00c9tienne. Saint\u00e9Lyon, match de l\u2019ASSE, concerts\u2026 Comment \u00e9chapper au bazar samedi ?"},"content":{"rendered":"<p>Les \u00e9v\u00e9nements culturels et sportifs seront nombreux ce samedi 29\u00a0novembre \u00e0 Saint-\u00c9tienne. Dans un rayon de moins d\u2019un kilom\u00e8tre seront concentr\u00e9s la Saint\u00e9Lyon, le match ASSE &#8211; \u00c9cotay-Moingt, le spectacle Casse-Noisette au Z\u00e9nith et le concert de Bekar au Fil.<\/p>\n<p>  Des d\u00e9viations pr\u00e9vues<\/p>\n<p>Les places de stationnement risquent d\u2019\u00eatre convoit\u00e9es et la circulation dense. Elle sera m\u00eame coup\u00e9e pour pr\u00e9parer le d\u00e9part de la \u00ab\u00a0doyenne\u00a0\u00bb des courses. D\u00e8s 13 heures et jusqu\u2019\u00e0 3 heures le dimanche matin, seront progressivement interdites \u00e0 la circulation les rues des Docteurs Henri et Bernard Muller, Raymond-Sommet, Jean-Servanton, ainsi que l\u2019all\u00e9e des Olympiades et l\u2019impasse Marcel-Berne.<\/p>\n<p>La rue Scheurer-Kestner et le boulevard Georges-Pompidou seront interdits \u00e0 la circulation de 23 heures \u00e0 1 heure. La bretelle n\u00b0\u00a014 pour acc\u00e9der \u00e0 l\u2019autoroute A47 est fortement d\u00e9conseill\u00e9e. La sortie n\u00b0\u00a015 \u00ab\u00a0M\u00e9ons\u00a0\u00bb sera ferm\u00e9e dans le sens Saint-\u00c9tienne\/Clermont-Ferrand entre 22 heures et 2 heures.<\/p>\n<p>Les supporters des Verts et les spectateurs du Z\u00e9nith et du Fil sont pri\u00e9s d\u2019\u00e9viter le secteur en empruntant des itin\u00e9raires de substitution, notamment via les boulevards Jules-Janin et Thiers.<\/p>\n<p>sLe stationnement sur toutes les art\u00e8res ferm\u00e9es \u00e0 la circulation sera \u00e9galement interdit. Les parkings Janin et Olympiades, autour du ParcExpo, seront r\u00e9serv\u00e9s \u00e0 l\u2019organisation de la Saint\u00e9Lyon. Les 1\u00a0200 places du parking du Z\u00e9nith devraient rapidement \u00eatre prises d\u2019assaut entre les 10\u00a0000 personnes attendues pour la Saint\u00e9Lyon, les 1\u00a0500 spectateurs du ballet Casse-Noisette, les fans du rappeur Bekar et <a href=\"https:\/\/www.leprogres.fr\/sport\/2025\/11\/24\/asse-ecotay-moingt-le-cap-des-20-000-franchi-la-billetterie-plafonne\" target=\"_blank\" rel=\"noopener\">les 25\u00a0000 supporters \u00e0 Geoffroy-Guichard<\/a>.<\/p>\n<p>Une solution\u00a0: les parkings relais<\/p>\n<p>Pour faciliter les d\u00e9placements et \u00eatre certain de pouvoir se garer, il est conseill\u00e9 \u00e0 tous les publics d\u2019utiliser les parkings relais. Quatre sont disponibles\u00a0: La Terrasse, gare de Ch\u00e2teaucreux et Bellevue \u00e0 Saint-\u00c9tienne et L\u2019Escale \u00e0 Saint-Priest-en-Jarez. Il faudra compter de 10 minutes depuis La Terrasse, \u00e0 30 minutes depuis Bellevue, pour rallier le stade Geoffroy-Guichard en tram.<\/p>\n<p>Ce contenu est bloqu\u00e9 car vous n&rsquo;avez pas accept\u00e9 les cookies et autres traceurs.<\/p>\n<p>En cliquant sur \u00ab J\u2019accepte \u00bb, les cookies et autres traceurs seront d\u00e9pos\u00e9s et vous pourrez visualiser les contenus  (<a href=\"\" class=\"consentModule_policy\" target=\"_blank\" title=\"Consulter la politique de protection des donn\u00e9es du fournisseur\">plus d&rsquo;informations<\/a>).<\/p>\n<p>En cliquant sur \u00ab J\u2019accepte tous les cookies \u00bb, vous autorisez des d\u00e9p\u00f4ts de cookies et autres traceurs pour le stockage de vos donn\u00e9es sur nos sites et applications \u00e0 des fins de personnalisation et de ciblage publicitaire.<\/p>\n<p class=\"consentModule_secondaryText\">Vous gardez la possibilit\u00e9 de retirer votre consentement \u00e0 tout moment en consultant notre <a href=\"https:\/\/www.leprogres.fr\/protection-des-donnees\" target=\"_blank\" title=\"Consulter notre politique de protection des donn\u00e9es\" rel=\"noopener\">politique de protection des donn\u00e9es<\/a>. <br \/>&#13;<br \/>\n            <a href=\"https:\/\/www.leprogres.fr\/sport\/2025\/11\/28\/javascript:Didomi.notice.show()\" class=\"consentModule_cmp\" target=\"_blank\" rel=\"noopener\">G\u00e9rer mes choix<\/a>&#13;\n        <\/p>\n<p>&#13;<br \/>\n                        J&rsquo;accepte&#13;<br \/>\n            J&rsquo;accepte tous les cookies&#13;\n        <\/p>\n<p>  Privil\u00e9gier les transports en commun<\/p>\n<p>Les transports en commun sont plus que jamais \u00e0 privil\u00e9gier lors de cette soir\u00e9e. Le r\u00e9seau de tramway s\u2019adapte, comme \u00e0 chaque match, avec des rames suppl\u00e9mentaires avant et apr\u00e8s le match. \u00c0 partir de 13 heures, la ligne de bus 14 reliant Ch\u00e2teaucreux au grand quartier sera d\u00e9vi\u00e9e dans les deux sens \u00e0 cause de la Saint\u00e9Lyon.<\/p>\n<p>Les arr\u00eats AFPA et Scheurer-Kestner seront report\u00e9s \u00e0 l\u2019arr\u00eat Soleil de la ligne 10. Les arr\u00eats Patinoire et Olympiades seront report\u00e9s \u00e0 l\u2019arr\u00eat Jules-Janin. Enfin, l\u2019arr\u00eat Docteurs-M\u00fcller sera report\u00e9 \u00e0 l\u2019arr\u00eat Louis-Souli\u00e9.<\/p>\n<p>La ligne T3 s\u2019adaptera aussi \u00e0 partir de 23\u00a0h\u00a030 puisque les coureurs la traverseront entre les arr\u00eats Soleil et Z\u00e9nith.<\/p>\n<p>Pour les coureurs, la Saint\u00e9Lyon met \u00e0 disposition des navettes au d\u00e9part de Lyon. Ils peuvent aussi rallier la ville d\u00e9part en prenant le train.<\/p>\n","protected":false},"excerpt":{"rendered":"Les \u00e9v\u00e9nements culturels et sportifs seront nombreux ce samedi 29\u00a0novembre \u00e0 Saint-\u00c9tienne. Dans un rayon de moins d\u2019un&hellip;\n","protected":false},"author":2,"featured_media":565902,"comment_status":"","ping_status":"","sticky":false,"template":"","format":"standard","meta":{"footnotes":""},"categories":[9653],"tags":[1111,11,4000,4132,2430,3542,1687,7539,1777,674,107,63,1011,27,4002,3367,873,12,25,2429,7135,4001,7538,64376,517,2803],"class_list":{"0":"post-565901","1":"post","2":"type-post","3":"status-publish","4":"format-standard","5":"has-post-thumbnail","7":"category-saint-etienne","8":"tag-actu","9":"tag-actualites","10":"tag-asse-as-saint-etienne-football","11":"tag-athletisme","12":"tag-auvergne-rhone-alpes","13":"tag-circulation","14":"tag-culture-loisirs","15":"tag-edition-loire-sud","16":"tag-eu","17":"tag-europe","18":"tag-fil-info","19":"tag-football","20":"tag-fr","21":"tag-france","22":"tag-haute-loire","23":"tag-loire","24":"tag-musique","25":"tag-news","26":"tag-republique-francaise","27":"tag-rhone","28":"tag-running","29":"tag-saint-etienne","30":"tag-saint-etienne-ville","31":"tag-saintelyon","32":"tag-sport","33":"tag-transport"},"share_on_mastodon":{"url":"https:\/\/pubeurope.com\/@fr\/115631059215767446","error":""},"_links":{"self":[{"href":"https:\/\/www.europesays.com\/fr\/wp-json\/wp\/v2\/posts\/565901","targetHints":{"allow":["GET"]}}],"collection":[{"href":"https:\/\/www.europesays.com\/fr\/wp-json\/wp\/v2\/posts"}],"about":[{"href":"https:\/\/www.europesays.com\/fr\/wp-json\/wp\/v2\/types\/post"}],"author":[{"embeddable":true,"href":"https:\/\/www.europesays.com\/fr\/wp-json\/wp\/v2\/users\/2"}],"replies":[{"embeddable":true,"href":"https:\/\/www.europesays.com\/fr\/wp-json\/wp\/v2\/comments?post=565901"}],"version-history":[{"count":0,"href":"https:\/\/www.europesays.com\/fr\/wp-json\/wp\/v2\/posts\/565901\/revisions"}],"wp:featuredmedia":[{"embeddable":true,"href":"https:\/\/www.europesays.com\/fr\/wp-json\/wp\/v2\/media\/565902"}],"wp:attachment":[{"href":"https:\/\/www.europesays.com\/fr\/wp-json\/wp\/v2\/media?parent=565901"}],"wp:term":[{"taxonomy":"category","embeddable":true,"href":"https:\/\/www.europesays.com\/fr\/wp-json\/wp\/v2\/categories?post=565901"},{"taxonomy":"post_tag","embeddable":true,"href":"https:\/\/www.europesays.com\/fr\/wp-json\/wp\/v2\/tags?post=565901"}],"curies":[{"name":"wp","href":"https:\/\/api.w.org\/{rel}","templated":true}]}}