{"id":565906,"date":"2025-11-29T04:23:14","date_gmt":"2025-11-29T04:23:14","guid":{"rendered":"https:\/\/www.europesays.com\/fr\/565906\/"},"modified":"2025-11-29T04:23:14","modified_gmt":"2025-11-29T04:23:14","slug":"ces-parkings-gratuits-dans-la-metropole-toulon-provence-mediterranee-ne-le-sont-pas-vraiment-on-vous-explique-pourquoi","status":"publish","type":"post","link":"https:\/\/www.europesays.com\/fr\/565906\/","title":{"rendered":"Ces parkings gratuits dans la M\u00e9tropole Toulon-Provence-M\u00e9diterran\u00e9e ne le sont pas vraiment\u00a0: on vous explique pourquoi"},"content":{"rendered":"<p class=\"fs-5 \">Il y a quelques jours \u00e0 peine, la commune de La Garde inaugurait son tout nouveau parking sur la place de la Poste. 216 places, ultra moderne, en silo\u2026 Et surtout gratuit ! Le terme \u00ab en acc\u00e8s libre \u00bb serait en r\u00e9alit\u00e9 plus appropri\u00e9. Parce que si l\u2019usager ne paie rien en sortant dudit parking, il n\u2019en sera pas de m\u00eame pour le contribuable gard\u00e9en. En effet, la Ville devra verser une dotation annuelle de compensation \u00e0 la M\u00e9tropole, en charge de la comp\u00e9tence parking. En 2026, elle devrait atteindre les 165.000 euros, d\u2019apr\u00e8s les chiffres r\u00e9v\u00e9l\u00e9s lors du d\u00e9bat d\u2019orientation budg\u00e9taire qui s\u2019est d\u00e9roul\u00e9 lors de la derni\u00e8re assembl\u00e9e de TPM.<\/p>\n<p class=\"fs-5 \">\u00ab Nous avons r\u00e9cup\u00e9r\u00e9 cette comp\u00e9tence lorsque nous sommes devenus m\u00e9tropole en 2018, explique Alexis Villemin, directeur g\u00e9n\u00e9ral adjoint en charge des am\u00e9nagements, des ports et de la mobilit\u00e9. Les ouvrages, les contrats de d\u00e9l\u00e9gation de service public, les agents et plus globalement les charges ont \u00e9t\u00e9 transf\u00e9r\u00e9s. En \u00e9change, les villes versent une contribution financi\u00e8re. \u00bb<\/p>\n<p>                                                                                \u00ab Pour couvrir les charges \u00bb<\/p>\n<p class=\"fs-5 \">Pour ce nouveau parking \u00e0 La Garde, la municipalit\u00e9 tenait absolument \u00e0 ce qu\u2019il soit gratuit pour les usagers, comme l\u2019ancien qu\u2019il remplace ou le parking G\u00e9rard-Philipe \u00e0 quelques centaines de m\u00e8tres. Elle a donc \u00ab n\u00e9goci\u00e9 \u00bb avec la M\u00e9tropole sur une redevance. \u00ab Celle-ci couvre les charges \u00bb, r\u00e9sume Alexis Villemin.<\/p>\n<p>            <img src=\"https:\/\/www.europesays.com\/fr\/wp-content\/uploads\/2025\/11\/1764390194_397_e0f5fed_upload-1-jzxlwol6nuu6-dambin.jpg\"   loading=\"lazy\" decoding=\"async\" alt=\"\" class=\"img-fluid position-absolute w-100 object-fit-cover rounded-2\" width=\"600\" height=\"400\"\/><\/p>\n<p class=\"fs-5 \">Pour les opposants gard\u00e9ens, la pilule ne passe pas. \u00ab Jusque-l\u00e0, La Garde disposait \u00e0 cet endroit d\u2019un parking plat, ouvert, pratique, gratuit, appartenant \u00e0 la commune. Un \u00e9quipement qui ne n\u00e9cessitait que peu de frais d\u2019entretien. En tout cas loin du montant de la redevance \u00e0 payer d\u00e9sormais \u00e0 la M\u00e9tropole \u00bb, r\u00e2le Olivier Charlois, conseiller municipal d\u2019opposition et conseiller m\u00e9tropolitain.<\/p>\n<p>                                                                                Plusieurs ouvrages concern\u00e9s<\/p>\n<p class=\"fs-5 \">La Garde n\u2019est pas la seule \u00e0 avoir fait le choix de la gratuit\u00e9. Du c\u00f4t\u00e9 d\u2019Ollioules, c\u2019est aussi le cas ! Dans le parking du futur quartier de la Noria, en centre-ville, les conducteurs pourront se garer sans rien payer. La commune, elle, d\u00e9boursera 600.000 euros l\u2019an prochain en compensation \u00e0 la M\u00e9tropole. Une somme qui, comme \u00e0 La Garde, pourrait \u00eatre revue selon les charges. On parle ici d\u2019un ouvrage de 744 places sur quatre niveaux.<\/p>\n<p class=\"fs-5 \">Du c\u00f4t\u00e9 de La Valette, on a aussi deux parkings gratuits pas si gratuits. Pour Jean-Jaur\u00e8s et De-Gaulle, la Ville aussi paye une dotation de compensation, assure Alexis Villemin, sans pour autant en pr\u00e9ciser le montant. \u00ab La politique de la M\u00e9tropole au sujet des parkings est claire, assure le directeur g\u00e9n\u00e9ral adjoint de TPM. Les charges doivent \u00eatre couvertes par les recettes. \u00bb<\/p>\n<p class=\"fs-5 \"><strong>Deux types de parkings sur TPM<\/strong><\/p>\n<p class=\"fs-5 \">La M\u00e9tropole TPM est en charge des parkings. On d\u00e9nombre deux modes de gestion principaux. Il y a d\u2019abord les parkings soumis \u00e0 une d\u00e9l\u00e9gation de service public. C\u2019est notamment le cas \u00e0 Toulon (avec Q-Park) ou \u00e0 Hy\u00e8res (Indigo). D\u2019autres ouvrages sont en r\u00e9gie (donc directement g\u00e9r\u00e9s par TPM). On en compte huit (parking Martini \u00e0 La Seyne, H\u00f4tel de Ville \u00e0 Six-Fours ou encore Tour fondue \u00e0 Hy\u00e8res). En tout, Toulon Provence M\u00e9diterran\u00e9e propose actuellement quelque 20.000 places aux usagers r\u00e9parties sur 22 parkings. Il y a \u00e9galement 16 parkings relais sur tout le territoire.<\/p>\n<p class=\"fs-5 \">\u00c0 noter \u00e9galement le statut relativement exceptionnel du parking G\u00e9rard-Philipe \u00e0 La Garde. Ce dernier est rattach\u00e9 \u00e0 un \u00e9tablissement communal (la salle G\u00e9rard-Philipe) et comme le permet la loi, c\u2019est la Ville qui en a conserv\u00e9 la propri\u00e9t\u00e9 et la gestion.<\/p>\n","protected":false},"excerpt":{"rendered":"Il y a quelques jours \u00e0 peine, la commune de La Garde inaugurait son tout nouveau parking sur&hellip;\n","protected":false},"author":2,"featured_media":565907,"comment_status":"","ping_status":"","sticky":false,"template":"","format":"standard","meta":{"footnotes":""},"categories":[9619],"tags":[1111,11,1777,674,1011,27,12,882,25,2310],"class_list":{"0":"post-565906","1":"post","2":"type-post","3":"status-publish","4":"format-standard","5":"has-post-thumbnail","7":"category-toulon","8":"tag-actu","9":"tag-actualites","10":"tag-eu","11":"tag-europe","12":"tag-fr","13":"tag-france","14":"tag-news","15":"tag-provence-alpes-cote-dazur","16":"tag-republique-francaise","17":"tag-toulon"},"share_on_mastodon":{"url":"https:\/\/pubeurope.com\/@fr\/115631083838520418","error":""},"_links":{"self":[{"href":"https:\/\/www.europesays.com\/fr\/wp-json\/wp\/v2\/posts\/565906","targetHints":{"allow":["GET"]}}],"collection":[{"href":"https:\/\/www.europesays.com\/fr\/wp-json\/wp\/v2\/posts"}],"about":[{"href":"https:\/\/www.europesays.com\/fr\/wp-json\/wp\/v2\/types\/post"}],"author":[{"embeddable":true,"href":"https:\/\/www.europesays.com\/fr\/wp-json\/wp\/v2\/users\/2"}],"replies":[{"embeddable":true,"href":"https:\/\/www.europesays.com\/fr\/wp-json\/wp\/v2\/comments?post=565906"}],"version-history":[{"count":0,"href":"https:\/\/www.europesays.com\/fr\/wp-json\/wp\/v2\/posts\/565906\/revisions"}],"wp:featuredmedia":[{"embeddable":true,"href":"https:\/\/www.europesays.com\/fr\/wp-json\/wp\/v2\/media\/565907"}],"wp:attachment":[{"href":"https:\/\/www.europesays.com\/fr\/wp-json\/wp\/v2\/media?parent=565906"}],"wp:term":[{"taxonomy":"category","embeddable":true,"href":"https:\/\/www.europesays.com\/fr\/wp-json\/wp\/v2\/categories?post=565906"},{"taxonomy":"post_tag","embeddable":true,"href":"https:\/\/www.europesays.com\/fr\/wp-json\/wp\/v2\/tags?post=565906"}],"curies":[{"name":"wp","href":"https:\/\/api.w.org\/{rel}","templated":true}]}}