{"id":565908,"date":"2025-11-29T04:24:24","date_gmt":"2025-11-29T04:24:24","guid":{"rendered":"https:\/\/www.europesays.com\/fr\/565908\/"},"modified":"2025-11-29T04:24:24","modified_gmt":"2025-11-29T04:24:24","slug":"var-journee-mondiale-de-lutte-contre-le-vih","status":"publish","type":"post","link":"https:\/\/www.europesays.com\/fr\/565908\/","title":{"rendered":"Var : Journ\u00e9e mondiale de lutte contre le VIH"},"content":{"rendered":"<p>        <a href=\"https:\/\/www.tv83.info\/wp-content\/uploads\/2023\/02\/IMG_4248.jpg\" data-caption=\"\" target=\"_blank\" rel=\"noopener\"><img loading=\"lazy\" decoding=\"async\" width=\"696\" height=\"522\" class=\"entry-thumb td-modal-image\" src=\"https:\/\/www.europesays.com\/fr\/wp-content\/uploads\/2025\/05\/IMG_4248-696x522.jpg\"   alt=\"\" title=\"Hopital\"\/><\/a><\/p>\n<p>Mobilisation du C.H.I.T.S et de ses partenaires<br \/>\u00c0 l\u2019occasion de la Journ\u00e9e mondiale de lutte contre le VIH, les \u00e9quipes du CEGIDD 83 et les services du Centre Hospitalier Intercommunal de Toulon \u2013 La Seyne-sur-Mer (C.H.I.T.S.), en lien avec les associations et partenaires du territoire, se mobilisent autour de plusieurs temps forts de pr\u00e9vention, d\u2019information et de d\u00e9pistage.<br \/><strong>Lundi 1er d\u00e9cembre 2025<\/strong> \u2013 sur le site de l\u2019h\u00f4pital Sainte-Musse : Stands d\u2019information et ateliers de pr\u00e9vention et d\u00e9pistage avec l\u2019\u00e9quipe du CEGIDD 83 et les associations (ENIPSE, AIDES, CAARUD AVASTOFA TOTEM et TABOU) ; \u00e9changes avec les \u00e9quipes de l\u2019h\u00f4pital de jour r\u00e9cemment ouvert. Pr\u00e9sentation des dispositifs de pr\u00e9vention et de suivi des personnes vivant avec le VIH.<br \/><strong>Jeudi 4 d\u00e9cembre 2025<\/strong> \u2013 Campus de Draguignan : Journ\u00e9e de pr\u00e9vention port\u00e9e par la Maison des \u00e9tudiants, avec la participation de l\u2019\u00e9quipe du CEGIDD 83 \u2013 site de Fr\u00e9jus. Sensibilisation, quizz, d\u00e9pistage, \u00e9changes et distribution de documentation.<br \/><strong>Jeudi 4 d\u00e9cembre 2025<\/strong> \u2013 Campus KEDGE de Toulon : Journ\u00e9e de pr\u00e9vention port\u00e9e par le campus, avec la participation de l\u2019\u00e9quipe du CEGIDD 83. Sensibilisation, quizz, d\u00e9pistage, \u00e9changes et distribution de documentation.<br \/><strong>Jeudi 4 d\u00e9cembre 2025<\/strong> \u2013 Universit\u00e9 de Toulon : Journ\u00e9e de pr\u00e9vention port\u00e9e par l\u2019Universit\u00e9, avec la participation du Planning Familial Varois, du centre LGBT du Var et du CRIPS. Actions de sensibilisation, animations et d\u00e9pistages propos\u00e9s aux \u00e9tudiants.<\/p>\n<p>Chiffres cl\u00e9s<br \/>En France, 180 000 personnes vivent avec le VIH.<br \/>En 2024, 5 100 nouvelles contaminations ont \u00e9t\u00e9 recens\u00e9es, dont plus de 40 % \u00e0 un stade<br \/>avanc\u00e9 de la maladie.<br \/>Les infections sexuellement transmissibles (IST) progressent \u00e9galement : 61 100 cas de<br \/>Chlamydia, 25 800 cas de gonocoques et 6 500 cas de syphilis chaque ann\u00e9e.<br \/>Se prot\u00e9ger, se d\u00e9pister, en parler<br \/>Le CEGIDD (Centre Gratuit d\u2019Information, de D\u00e9pistage et de Diagnostic) du Var a un r\u00f4le central dans la lutte contre le VIH et les infections sexuellement transmissibles. Information, sensibilisation, d\u00e9pistage, intervention de pr\u00e9vention, aux c\u00f4t\u00e9s des associations partenaires, le CEGIDD se mobilise toute l\u2019ann\u00e9e.<\/p>\n<p>Des moyens de pr\u00e9vention efficaces existent<br \/>Le d\u00e9pistage, accessible gratuitement dans les laboratoires et structures CEGIDD comme celle du Centre hospitalier Intercommunal Toulon \u2013 La Seyne-sur-Mer \u2013 Fr\u00e9jus<br \/>Le pr\u00e9servatif, gratuit jusqu\u2019\u00e0 26 ans ou rembours\u00e9 sur ordonnance.<br \/>La PrEP (prophylaxie pre-exposition) et la TPE (traitement post-exposition), disponibles sur prescription.<\/p>\n<p>Vivre avec le VIH aujourd\u2019hui<br \/>Au CH.I.T.S, sur le site de l\u2019h\u00f4pital Sainte Musse, l\u2019h\u00f4pital de jour d\u2019infectiologie assure le suivi des personnes vivant avec le VIH ou des h\u00e9patites virale. A l\u2019\u00e9t\u00e9 2025, un programme d\u2019\u00e9ducation th\u00e9rapeutique a \u00e9t\u00e9 ouvert pour ces patients. Il propose des ateliers d\u2019\u00e9ducation th\u00e9rapeutique, des entretiens individuels ou collectifs pour aider \u00e0 mieux comprendre la maladie et mieux vivre avec.<\/p>\n<p><a href=\"https:\/\/www.restosducoeur.org\/associations-departementales\/les-restos-du-coeur-du-var\/\" target=\"_blank\" rel=\"noopener\"><img decoding=\"async\" style=\"height:70px;width:140px\" src=\"https:\/\/www.europesays.com\/fr\/wp-content\/uploads\/2025\/04\/restos-du-coeur.jpg\"\/><\/a>        <\/p>\n","protected":false},"excerpt":{"rendered":"Mobilisation du C.H.I.T.S et de ses partenaires\u00c0 l\u2019occasion de la Journ\u00e9e mondiale de lutte contre le VIH, les&hellip;\n","protected":false},"author":2,"featured_media":78414,"comment_status":"","ping_status":"","sticky":false,"template":"","format":"standard","meta":{"footnotes":""},"categories":[9619],"tags":[1111,11,1777,674,1011,27,12,882,25,2310],"class_list":{"0":"post-565908","1":"post","2":"type-post","3":"status-publish","4":"format-standard","5":"has-post-thumbnail","7":"category-toulon","8":"tag-actu","9":"tag-actualites","10":"tag-eu","11":"tag-europe","12":"tag-fr","13":"tag-france","14":"tag-news","15":"tag-provence-alpes-cote-dazur","16":"tag-republique-francaise","17":"tag-toulon"},"share_on_mastodon":{"url":"https:\/\/pubeurope.com\/@fr\/115631086914962965","error":""},"_links":{"self":[{"href":"https:\/\/www.europesays.com\/fr\/wp-json\/wp\/v2\/posts\/565908","targetHints":{"allow":["GET"]}}],"collection":[{"href":"https:\/\/www.europesays.com\/fr\/wp-json\/wp\/v2\/posts"}],"about":[{"href":"https:\/\/www.europesays.com\/fr\/wp-json\/wp\/v2\/types\/post"}],"author":[{"embeddable":true,"href":"https:\/\/www.europesays.com\/fr\/wp-json\/wp\/v2\/users\/2"}],"replies":[{"embeddable":true,"href":"https:\/\/www.europesays.com\/fr\/wp-json\/wp\/v2\/comments?post=565908"}],"version-history":[{"count":0,"href":"https:\/\/www.europesays.com\/fr\/wp-json\/wp\/v2\/posts\/565908\/revisions"}],"wp:featuredmedia":[{"embeddable":true,"href":"https:\/\/www.europesays.com\/fr\/wp-json\/wp\/v2\/media\/78414"}],"wp:attachment":[{"href":"https:\/\/www.europesays.com\/fr\/wp-json\/wp\/v2\/media?parent=565908"}],"wp:term":[{"taxonomy":"category","embeddable":true,"href":"https:\/\/www.europesays.com\/fr\/wp-json\/wp\/v2\/categories?post=565908"},{"taxonomy":"post_tag","embeddable":true,"href":"https:\/\/www.europesays.com\/fr\/wp-json\/wp\/v2\/tags?post=565908"}],"curies":[{"name":"wp","href":"https:\/\/api.w.org\/{rel}","templated":true}]}}