{"id":565914,"date":"2025-11-29T04:29:22","date_gmt":"2025-11-29T04:29:22","guid":{"rendered":"https:\/\/www.europesays.com\/fr\/565914\/"},"modified":"2025-11-29T04:29:22","modified_gmt":"2025-11-29T04:29:22","slug":"une-maquette-de-foret-de-protection-co-construite-entre-inrae-et-le-fablab-echosciences","status":"publish","type":"post","link":"https:\/\/www.europesays.com\/fr\/565914\/","title":{"rendered":"Une maquette de for\u00eat de protection co-construite entre INRAE et le FabLab | ECHOSCIENCES"},"content":{"rendered":"<p>De juin \u00e0 octobre 2025, l\u2019\u00e9quipe du Fab Lab de La Casemate a accompagn\u00e9 la conception de trois maquettes de m\u00e9diation scientifique imagin\u00e9es par des chercheurs grenoblois. Pr\u00e9sent\u00e9es lors de la F\u00eate de la science, ces maquettes avaient pour objectif de rendre accessibles au grand public des ph\u00e9nom\u00e8nes scientifiques complexes. Retour sur l\u2019une d\u2019entre elles, consacr\u00e9e au r\u00f4le protecteur des for\u00eats de montagne.<\/p>\n<p><img loading=\"lazy\" decoding=\"async\" src=\"https:\/\/www.europesays.com\/fr\/wp-content\/uploads\/2025\/11\/Design_sans_titre.png\" data-image=\"1005551413\" width=\"251\" height=\"335\" style=\"width: 251px; max-width: 251px; height: 335px;\"\/><\/p>\n<p>R\u00e9alis\u00e9e par le Laboratoire des \u00c9cosyst\u00e8mes et Soci\u00e9t\u00e9s en Montagne\u00a0(LESSEM) d\u2019INRAE, cette maquette illustre de mani\u00e8re simple la fa\u00e7on dont les for\u00eats limitent les risques li\u00e9s aux c\ufeff\ufeff\ufeffhutes de pierres. Sur un plan inclin\u00e9, de petits arbres factices repr\u00e9sentent une for\u00eat. En haut du disposi\ufefftif, des cailloux sont l\u00e2ch\u00e9s : lorsque la for\u00eat est pr\u00e9sente, ils\u00a0 ralentissent et parfois s\u2019arr\u00eatent ; sans for\u00eat, ils d\u00e9valent la pente jusqu\u2019en bas et impactent les maisons. Une d\u00e9monstration visuelle, imm\u00e9diate et efficace de la fonction protectrice des \u00e9cosyst\u00e8mes forestiers.<\/p>\n<p>Pour transformer cette id\u00e9e en objet concret, les chercheurs ont collabor\u00e9 \u00e9troitement avec les facilitateurs du Fab Lab. Jenny a propos\u00e9 plusieurs prototypes ainsi que des solutions techniques adapt\u00e9es, notamment la conception de charni\u00e8res imprim\u00e9es en 3D au FabLab sp\u00e9cialement pour le projet et des conseils sur le choix des mat\u00e9riaux. Sur leurs recommandations, l\u2019\u00e9quipe a retenu une maquette mesurant 70 \u00d7 40 cm une fois repli\u00e9e, facilitant ainsi son transport, tout en garantissant une structure solide et durable.<\/p>\n<p>Fruit d\u2019un v\u00e9ritable travail collectif, ce projet a permis de sensibiliser le public lors de la plusieurs \u00e9ventements (F\u00eate de la science, Risk&rsquo;o tour, salon naturisima), mais aussi aupr\u00e8s d&rsquo;un public scientifique (universit\u00e9 d&rsquo;\u00e9t\u00e9 projet inter Reg espace Alpin MOSAIC), tout en renfor\u00e7ant les liens entre chercheurs et m\u00e9diateurs. Il illustre combien un dispositif simple peut marquer les esprits et rendre la science accessible \u00e0 tous.<\/p>\n<p><b>Personnes impliqu\u00e9es :<\/b><\/p>\n<ol>&#13;<\/p>\n<li>Apolline      Malbet (LESSEM)<\/li>\n<p>&#13;<\/p>\n<li>Baptiste      Desbuquois (LESSEM)<\/li>\n<p>&#13;<\/p>\n<li>Jenny      Avila, Fab Lab La Casemate<\/li>\n<p>&#13;\n<\/ol>\n","protected":false},"excerpt":{"rendered":"De juin \u00e0 octobre 2025, l\u2019\u00e9quipe du Fab Lab de La Casemate a accompagn\u00e9 la conception de trois&hellip;\n","protected":false},"author":2,"featured_media":565915,"comment_status":"","ping_status":"","sticky":false,"template":"","format":"standard","meta":{"footnotes":""},"categories":[9566],"tags":[1111,11,2430,1777,674,1011,27,2731,12,25],"class_list":{"0":"post-565914","1":"post","2":"type-post","3":"status-publish","4":"format-standard","5":"has-post-thumbnail","7":"category-grenoble","8":"tag-actu","9":"tag-actualites","10":"tag-auvergne-rhone-alpes","11":"tag-eu","12":"tag-europe","13":"tag-fr","14":"tag-france","15":"tag-grenoble","16":"tag-news","17":"tag-republique-francaise"},"share_on_mastodon":{"url":"https:\/\/pubeurope.com\/@fr\/115631106958739134","error":""},"_links":{"self":[{"href":"https:\/\/www.europesays.com\/fr\/wp-json\/wp\/v2\/posts\/565914","targetHints":{"allow":["GET"]}}],"collection":[{"href":"https:\/\/www.europesays.com\/fr\/wp-json\/wp\/v2\/posts"}],"about":[{"href":"https:\/\/www.europesays.com\/fr\/wp-json\/wp\/v2\/types\/post"}],"author":[{"embeddable":true,"href":"https:\/\/www.europesays.com\/fr\/wp-json\/wp\/v2\/users\/2"}],"replies":[{"embeddable":true,"href":"https:\/\/www.europesays.com\/fr\/wp-json\/wp\/v2\/comments?post=565914"}],"version-history":[{"count":0,"href":"https:\/\/www.europesays.com\/fr\/wp-json\/wp\/v2\/posts\/565914\/revisions"}],"wp:featuredmedia":[{"embeddable":true,"href":"https:\/\/www.europesays.com\/fr\/wp-json\/wp\/v2\/media\/565915"}],"wp:attachment":[{"href":"https:\/\/www.europesays.com\/fr\/wp-json\/wp\/v2\/media?parent=565914"}],"wp:term":[{"taxonomy":"category","embeddable":true,"href":"https:\/\/www.europesays.com\/fr\/wp-json\/wp\/v2\/categories?post=565914"},{"taxonomy":"post_tag","embeddable":true,"href":"https:\/\/www.europesays.com\/fr\/wp-json\/wp\/v2\/tags?post=565914"}],"curies":[{"name":"wp","href":"https:\/\/api.w.org\/{rel}","templated":true}]}}