{"id":565916,"date":"2025-11-29T04:30:32","date_gmt":"2025-11-29T04:30:32","guid":{"rendered":"https:\/\/www.europesays.com\/fr\/565916\/"},"modified":"2025-11-29T04:30:32","modified_gmt":"2025-11-29T04:30:32","slug":"a-la-fin-on-se-dit-quon-peut-gagner-si-pres-si-loin-le-biarritz-olympique-ne-ramene-rien-de-grenoble","status":"publish","type":"post","link":"https:\/\/www.europesays.com\/fr\/565916\/","title":{"rendered":"\u00ab\u00a0\u00c0 la fin on se dit qu&rsquo;on peut gagner\u00a0\u00bb : si pr\u00e8s, si loin, le Biarritz Olympique ne ram\u00e8ne rien de Grenoble"},"content":{"rendered":"<p>Le Biarritz Olympique a cru repartir avec au moins un point de Grenoble ce vendredi soir, jusqu&rsquo;\u00e0 la 79\u1d49 minute et le dernier essai des Is\u00e9rois. Ils repartent sans et conc\u00e8dent une quatri\u00e8me d\u00e9faite en six matchs \u00e0 l&rsquo;ext\u00e9rieur cette saison en Pro D2. R\u00e9actions.<\/p>\n<p>Longtemps, les Biarrots ont maintenu Grenoble sous pression et \u00e0 port\u00e9e de fusil. M\u00eame \u00e0 quatorze contre quinze, apr\u00e8s le carton jaune de Johnny Dyer (67e). Mais l&rsquo;assaut final des Is\u00e9rois, \u00e0 \u00e9galit\u00e9 num\u00e9rique, aura fait craquer la ligne basque et fait exploser le Stade des Alpes, tout heureux de voir ses prot\u00e9g\u00e9s remporter une cinqui\u00e8me victoire en six matchs \u00e0 domicile cette saison. Bilan quasiment oppos\u00e9 pour les Biarrots \u00e0 l&rsquo;ext\u00e9rieur, qui auront tenu le point de bonus d\u00e9fensif jusqu&rsquo;\u00e0 la 79\u1d49 minute. De quoi g\u00e9n\u00e9rer <strong>de la frustration chez R\u00e9mi Bourdeau et Boris Bouhraoua.<\/strong><\/p>\n<p>\u00c0 lire aussi   <img decoding=\"async\" src=\"https:\/\/www.europesays.com\/fr\/wp-content\/uploads\/2025\/11\/1764390630_685_400x400\" alt=\"\" style=\"--_image-preview:url('data:image\/jpeg;base64,\/9j\/2wBDACgcHiMeGSgjISMtKygwPGRBPDc3PHtYXUlkkYCZlo+AjIqgtObDoKrarYqMyP\/L2u71\/\/\/\/m8H\/\/\/\/6\/+b9\/\/j\/2wBDASstLTw1PHZBQXb4pYyl+Pj4+Pj4+Pj4+Pj4+Pj4+Pj4+Pj4+Pj4+Pj4+Pj4+Pj4+Pj4+Pj4+Pj4+Pj4+Pj4+Pj\/wAARCAAXACoDASIAAhEBAxEB\/8QAGAAAAwEBAAAAAAAAAAAAAAAAAAIDAQT\/xAAXEAEBAQEAAAAAAAAAAAAAAAAAAQIR\/8QAFgEBAQEAAAAAAAAAAAAAAAAAAQAC\/8QAFREBAQAAAAAAAAAAAAAAAAAAABH\/2gAMAwEAAhEDEQA\/AOOYNMKzJplipOZNIpMjipIzraUlWQ0gDDDeCwBFPUJwAp\/\/2Q==');\" loading=\"lazy\" fetchpriority=\"low\" aria-hidden=\"true\" class=\"svelte-1cksh76 rounded\" onload=\"this.__e=event\" onerror=\"this.__e=event\"\/>R\u00e9mi Bourdeau, troisi\u00e8me ligne aile du BOPB\u00a0:<\/p>\n<p>\u00ab\u00a0On rentre \u00e0 la mi-temps \u00e0 moins trois points. C&rsquo;est plus ou moins l&rsquo;objectif qu&rsquo;on s&rsquo;\u00e9tait fix\u00e9. On voulait rester dans le match. On est rest\u00e9 serein et on a essay\u00e9 de respecter notre plan. C&rsquo;est vrai qu&rsquo;on prend des points rapidement en d\u00e9but de seconde mi-temps. C&rsquo;est regrettable. On a montr\u00e9 quand m\u00eame pas mal de caract\u00e8re, parce qu&rsquo;on arrive \u00e0 revenir \u00e0 chaque fois qu&rsquo;ils ont marqu\u00e9 des essais. Et quand on arrive de nouveau \u00e0 moins trois \u00e0 la fin, on se dit qu&rsquo;on peut gagner et qu&rsquo;on est dans le bonus. Donc forc\u00e9ment, \u00e9norm\u00e9ment de d\u00e9ception sur la toute fin de match. On fait un d\u00e9placement sur trois jours avec douze heures de bus aller, douze heures de bus retour, et on rentre avec z\u00e9ro point, alors qu&rsquo;on s&rsquo;\u00e9tait fix\u00e9 l&rsquo;objectif de ramener quelque chose.\u00a0\u00bb<\/p>\n<p>Boris Bouhraoua, manager du BOPB\u00a0:<\/p>\n<p>\u00ab\u00a0On a manqu\u00e9 de rigueur dans le d\u00e9tail en fin de match. D\u00e8s qu&rsquo;on marque, on tient le bonus, mais on ne prend pas le renvoi. Ensuite, on a un ballon en touche qui leur am\u00e8ne ce dernier ballon port\u00e9, parce qu&rsquo;on a parl\u00e9 \u00e0 l&rsquo;arbitre et qu&rsquo;on fait un offload (une passe apr\u00e8s contact)\u00a0de trop. Ce n&rsquo;est pas acceptable, on en avait parl\u00e9. Apr\u00e8s, il y a le sc\u00e9nario du match, qui fait qu&rsquo;on laisse beaucoup d&rsquo;\u00e9nergie sur des phases de conqu\u00eate. C&rsquo;est le d\u00e9tail qui nous fait mal sur la fin du match. C&rsquo;est du d\u00e9tail technique, clairement. C&rsquo;est g\u00e9nial, on va bosser\u00a0!\u00a0\u00bb<\/p>\n<p>\u00c0 lire aussi   <img decoding=\"async\" src=\"https:\/\/www.europesays.com\/fr\/wp-content\/uploads\/2025\/11\/1764390632_184_400x400\" alt=\"\" style=\"--_image-preview:url('data:image\/jpeg;base64,\/9j\/2wBDACgcHiMeGSgjISMtKygwPGRBPDc3PHtYXUlkkYCZlo+AjIqgtObDoKrarYqMyP\/L2u71\/\/\/\/m8H\/\/\/\/6\/+b9\/\/j\/2wBDASstLTw1PHZBQXb4pYyl+Pj4+Pj4+Pj4+Pj4+Pj4+Pj4+Pj4+Pj4+Pj4+Pj4+Pj4+Pj4+Pj4+Pj4+Pj4+Pj4+Pj\/wAARCAAXACoDASIAAhEBAxEB\/8QAGAABAQEBAQAAAAAAAAAAAAAAAAECAwT\/xAAXEAEBAQEAAAAAAAAAAAAAAAAAAREC\/8QAFgEBAQEAAAAAAAAAAAAAAAAAAQAC\/8QAFhEBAQEAAAAAAAAAAAAAAAAAAAER\/9oADAMBAAIRAxEAPwDEqsc10jKMMVcWlixMdMMRefiuvICstgAtRcAl\/9k=');\" loading=\"lazy\" fetchpriority=\"low\" aria-hidden=\"true\" class=\"svelte-1cksh76 rounded\" onload=\"this.__e=event\" onerror=\"this.__e=event\"\/>Le nez de Fortuin en vrac, encore une \u00e9paule touch\u00e9e pour Thomas H\u00e9bert<\/p>\n<p>Sorti touch\u00e9 au nez apr\u00e8s un contact en d\u00e9but de seconde p\u00e9riode (44e), le deuxi\u00e8me ligne sud-africain Aston Fortuin pourrait manquer au BOPB plusieurs semaines. <strong>Une fracture du nez \u00e9tait redout\u00e9e<\/strong> par le staff. \u00ab\u00a0On ne sait pas encore si c&rsquo;est d\u00e9plac\u00e9 ou vraiment cass\u00e9 fort. C&rsquo;est compliqu\u00e9 de savoir \u00e0 la sortie du match, a pr\u00e9cis\u00e9 Boris Bouhraoua. Le manager biarrot pourrait aussi avoir reperdu Thomas H\u00e9bert. Le troisi\u00e8me ligne, d\u00e9j\u00e0 victime d&rsquo;une entorse acromio-claviculaire \u00e0 la fin du premier bloc et de retour \u00e0 Grenoble, s&rsquo;est plaint de l&rsquo;autre \u00e9paule, apr\u00e8s moins d&rsquo;une demi-heure pass\u00e9e sur la pelouse.<\/p>\n","protected":false},"excerpt":{"rendered":"Le Biarritz Olympique a cru repartir avec au moins un point de Grenoble ce vendredi soir, jusqu&rsquo;\u00e0 la&hellip;\n","protected":false},"author":2,"featured_media":565917,"comment_status":"","ping_status":"","sticky":false,"template":"","format":"standard","meta":{"footnotes":""},"categories":[9566],"tags":[1111,11,2430,1777,674,1011,27,2731,12,25],"class_list":{"0":"post-565916","1":"post","2":"type-post","3":"status-publish","4":"format-standard","5":"has-post-thumbnail","7":"category-grenoble","8":"tag-actu","9":"tag-actualites","10":"tag-auvergne-rhone-alpes","11":"tag-eu","12":"tag-europe","13":"tag-fr","14":"tag-france","15":"tag-grenoble","16":"tag-news","17":"tag-republique-francaise"},"share_on_mastodon":{"url":"https:\/\/pubeurope.com\/@fr\/115631110828860555","error":""},"_links":{"self":[{"href":"https:\/\/www.europesays.com\/fr\/wp-json\/wp\/v2\/posts\/565916","targetHints":{"allow":["GET"]}}],"collection":[{"href":"https:\/\/www.europesays.com\/fr\/wp-json\/wp\/v2\/posts"}],"about":[{"href":"https:\/\/www.europesays.com\/fr\/wp-json\/wp\/v2\/types\/post"}],"author":[{"embeddable":true,"href":"https:\/\/www.europesays.com\/fr\/wp-json\/wp\/v2\/users\/2"}],"replies":[{"embeddable":true,"href":"https:\/\/www.europesays.com\/fr\/wp-json\/wp\/v2\/comments?post=565916"}],"version-history":[{"count":0,"href":"https:\/\/www.europesays.com\/fr\/wp-json\/wp\/v2\/posts\/565916\/revisions"}],"wp:featuredmedia":[{"embeddable":true,"href":"https:\/\/www.europesays.com\/fr\/wp-json\/wp\/v2\/media\/565917"}],"wp:attachment":[{"href":"https:\/\/www.europesays.com\/fr\/wp-json\/wp\/v2\/media?parent=565916"}],"wp:term":[{"taxonomy":"category","embeddable":true,"href":"https:\/\/www.europesays.com\/fr\/wp-json\/wp\/v2\/categories?post=565916"},{"taxonomy":"post_tag","embeddable":true,"href":"https:\/\/www.europesays.com\/fr\/wp-json\/wp\/v2\/tags?post=565916"}],"curies":[{"name":"wp","href":"https:\/\/api.w.org\/{rel}","templated":true}]}}