{"id":565920,"date":"2025-11-29T04:33:15","date_gmt":"2025-11-29T04:33:15","guid":{"rendered":"https:\/\/www.europesays.com\/fr\/565920\/"},"modified":"2025-11-29T04:33:15","modified_gmt":"2025-11-29T04:33:15","slug":"quatre-pompiers-rennais-distingues-pour-avoir-sauve-la-vie-dun-locataire-lors-dun-violent-incendie","status":"publish","type":"post","link":"https:\/\/www.europesays.com\/fr\/565920\/","title":{"rendered":"Quatre pompiers rennais distingu\u00e9s pour avoir sauv\u00e9 la vie d&rsquo;un locataire lors d&rsquo;un violent incendie"},"content":{"rendered":"<p>Quatre pompiers rennais sont r\u00e9compens\u00e9s ce samedi 29 novembre pour leur acte de courage et de d\u00e9vouement. En janvier dernier, ils ont sauv\u00e9 la vie d&rsquo;un homme d&rsquo;une soixantaine d&rsquo;ann\u00e9es, pris au pi\u00e8ge par les flammes de l&rsquo;incendie qui a ravag\u00e9 son logement. <\/p>\n<p>\u00ab\u00a0C&rsquo;est d&rsquo;abord le r\u00e9sultat d&rsquo;un travail collectif\u00a0\u00bb souligne le caporal\u00a0Alexandre Le Squer, pompier au Blosne \u00e0 Rennes. Il fait partie de l&rsquo;\u00e9quipe alert\u00e9e en pleine nuit le 27 janvier 2025 pour un incendie qui s&rsquo;est d\u00e9clar\u00e9, square Charles Dalin, quartier Cl\u00e9menceau \u00e0 Rennes. Cette nuit-l\u00e0, <strong>vers quatre heures du matin,<\/strong> les pompiers sont appel\u00e9s par les services de police. Un incendie s&rsquo;est d\u00e9clar\u00e9 au premier \u00e9tage d&rsquo;un immeuble de cinq \u00e9tages. \u00ab\u00a0Des flammes sortent par les fen\u00eatres, un homme crie \u00e0 l&rsquo;int\u00e9rieur\u00a0\u00bb raconte le jeune pompier. Une vingatine de soldats du feu sont envoy\u00e9s sur place avec deux fourgons et une grande \u00e9chelle.<\/p>\n<p>Quelques secondes de plus et l&rsquo;incendie aurait pu \u00eatre dramatique<\/p>\n<p>Lorsque les pompiers interviennent, une quarantaine d&rsquo;habitants ont \u00e9t\u00e9 \u00e9vacu\u00e9s, mais le locataire du logement en feu est pris au pi\u00e8ge dans son logement. Apr\u00e8s un premier travail \u00e0 l&rsquo;aide de lances incendie, le caporal-chef Alexandre Le Squer, et son \u00e9quipier entre dans le logement. La victime est dans la cuisine. Dans le logement, \u00ab\u00a0la chaleur est \u00e9touffante, le feu a pris dans une chambre \u00e0 coucher\u00a0\u00bb. Les deux hommes r\u00e9ussissent \u00e0 extraire le locataire, il peut \u00eatre pris en charge par les secours. \u00ab\u00a0Il a eu de la chance. Il s&rsquo;\u00e9tait r\u00e9fugi\u00e9 sous une table. Il avait ouvert la fen\u00eatre de la cuisine et un filet d&rsquo;air lui a permis de respirer. Mais en principe, il ne faut pas ouvrir une fen\u00eatre dans la pi\u00e8ce o\u00f9 il y a des flammes\u00a0\u00bb souligne le caporal-chef.<\/p>\n<p> <img decoding=\"async\" src=\"https:\/\/www.europesays.com\/fr\/wp-content\/uploads\/2025\/11\/1764390795_348_1280\" alt=\"illustration agrandir l'image\" style=\"--_image-preview:url('data:image\/jpeg;base64,\/9j\/2wBDACgcHiMeGSgjISMtKygwPGRBPDc3PHtYXUlkkYCZlo+AjIqgtObDoKrarYqMyP\/L2u71\/\/\/\/m8H\/\/\/\/6\/+b9\/\/j\/2wBDASstLTw1PHZBQXb4pYyl+Pj4+Pj4+Pj4+Pj4+Pj4+Pj4+Pj4+Pj4+Pj4+Pj4+Pj4+Pj4+Pj4+Pj4+Pj4+Pj4+Pj\/wAARCAAfACoDASIAAhEBAxEB\/8QAGAAAAgMAAAAAAAAAAAAAAAAAAQIAAwT\/xAAZEAEAAwEBAAAAAAAAAAAAAAAAAQIREhP\/xAAUAQEAAAAAAAAAAAAAAAAAAAAA\/8QAFBEBAAAAAAAAAAAAAAAAAAAAAP\/aAAwDAQACEQMRAD8Aw1k8SpiTaCzRiyvU6Bqpdb6MVbn9AZh0EAdTQADanRQB\/9k=');\" loading=\"lazy\" fetchpriority=\"low\" class=\"svelte-1cksh76 rounded\" onload=\"this.__e=event\" onerror=\"this.__e=event\"\/> Le caporal-chef Alexandre Le Squer et ses co-\u00e9quipiers, le 27 janvier 2025 \u00a9 Aucun(e) &#8211; Sdis 35  Les d\u00e9tecteurs de fum\u00e9e permettent de sauver des vies<\/p>\n<p>Les quatre pompiers ont re\u00e7u leur distinction, lors de la traditionnelle Sainte-Barbe, ce samedi 29 novembre \u00e0 Rennes. \u00ab\u00a0Cela fait plaisir, cela rend fier, mais l&rsquo;essentiel est surtout de passer des messages de pr\u00e9vention\u00a0\u00bbsouligne le jeune pompier. \u00c0 commencer par celui-ci\u00a0: les gens doivent s&rsquo;\u00e9quiper de d\u00e9tecteurs de fum\u00e9es, car ils peuvent sauver des vies\u00a0!<\/p>\n","protected":false},"excerpt":{"rendered":"Quatre pompiers rennais sont r\u00e9compens\u00e9s ce samedi 29 novembre pour leur acte de courage et de d\u00e9vouement. En&hellip;\n","protected":false},"author":2,"featured_media":565921,"comment_status":"","ping_status":"","sticky":false,"template":"","format":"standard","meta":{"footnotes":""},"categories":[2821],"tags":[1111,11,829,1777,674,1011,27,12,584,25],"class_list":{"0":"post-565920","1":"post","2":"type-post","3":"status-publish","4":"format-standard","5":"has-post-thumbnail","7":"category-rennes","8":"tag-actu","9":"tag-actualites","10":"tag-bretagne","11":"tag-eu","12":"tag-europe","13":"tag-fr","14":"tag-france","15":"tag-news","16":"tag-rennes","17":"tag-republique-francaise"},"share_on_mastodon":{"url":"https:\/\/pubeurope.com\/@fr\/115631123169034346","error":""},"_links":{"self":[{"href":"https:\/\/www.europesays.com\/fr\/wp-json\/wp\/v2\/posts\/565920","targetHints":{"allow":["GET"]}}],"collection":[{"href":"https:\/\/www.europesays.com\/fr\/wp-json\/wp\/v2\/posts"}],"about":[{"href":"https:\/\/www.europesays.com\/fr\/wp-json\/wp\/v2\/types\/post"}],"author":[{"embeddable":true,"href":"https:\/\/www.europesays.com\/fr\/wp-json\/wp\/v2\/users\/2"}],"replies":[{"embeddable":true,"href":"https:\/\/www.europesays.com\/fr\/wp-json\/wp\/v2\/comments?post=565920"}],"version-history":[{"count":0,"href":"https:\/\/www.europesays.com\/fr\/wp-json\/wp\/v2\/posts\/565920\/revisions"}],"wp:featuredmedia":[{"embeddable":true,"href":"https:\/\/www.europesays.com\/fr\/wp-json\/wp\/v2\/media\/565921"}],"wp:attachment":[{"href":"https:\/\/www.europesays.com\/fr\/wp-json\/wp\/v2\/media?parent=565920"}],"wp:term":[{"taxonomy":"category","embeddable":true,"href":"https:\/\/www.europesays.com\/fr\/wp-json\/wp\/v2\/categories?post=565920"},{"taxonomy":"post_tag","embeddable":true,"href":"https:\/\/www.europesays.com\/fr\/wp-json\/wp\/v2\/tags?post=565920"}],"curies":[{"name":"wp","href":"https:\/\/api.w.org\/{rel}","templated":true}]}}