{"id":565926,"date":"2025-11-29T04:36:21","date_gmt":"2025-11-29T04:36:21","guid":{"rendered":"https:\/\/www.europesays.com\/fr\/565926\/"},"modified":"2025-11-29T04:36:21","modified_gmt":"2025-11-29T04:36:21","slug":"plongez-dans-lexposition-leclat-du-midi-au-musee-cheret-a-nice","status":"publish","type":"post","link":"https:\/\/www.europesays.com\/fr\/565926\/","title":{"rendered":"plongez dans l\u2019exposition \u00ab L\u2019\u00c9clat du Midi \u00bb au mus\u00e9e Ch\u00e9ret \u00e0 Nice"},"content":{"rendered":"<p class=\"fs-5 \">Lorsque <strong>Johanne Lindskog<\/strong> est arriv\u00e9e pour prendre la <strong>direction du mus\u00e9e Ch\u00e9ret \u00e0 Nice, en 2019<\/strong>, elle a d\u00e9couvert La Pri\u00e8re, un tableau de Maurice Denis acquis par son institution. Apr\u00e8s avoir consult\u00e9 les archives, cela lui a donn\u00e9 une id\u00e9e : <strong>remettre la lumi\u00e8re sur ce peintre<\/strong> honor\u00e9 en 1925 par la Soci\u00e9t\u00e9 des Beaux-Arts de Nice.<\/p>\n<p class=\"fs-5 \">Lors de son 31e salon, organis\u00e9 au Palais Baudran, au num\u00e9ro 24 du boulevard Victor-Hugo, la Soci\u00e9t\u00e9 des Beaux-Arts avait pr\u00e9sent\u00e9 43 de ses \u0153uvres. Une forme de r\u00e9trospective pour celui qui allait avoir 55 ans, au sommet de sa gloire et soutenu par plusieurs m\u00e9c\u00e8nes depuis la fin de la Premi\u00e8re Guerre mondiale.<\/p>\n<p>            <img src=\"https:\/\/www.europesays.com\/fr\/wp-content\/uploads\/2025\/11\/da8f345_upload-from-url-1-j9x5og3iwnsf-data-art-13826992-s6x883ps.jpg\"   loading=\"lazy\" decoding=\"async\" alt=\"\" class=\"img-fluid position-absolute w-100 object-fit-cover rounded-2\" width=\"600\" height=\"400\"\/><\/p>\n<p>                                                                                Un autre regard sur sa carri\u00e8re<\/p>\n<p class=\"fs-5 \">Un si\u00e8cle plus tard, la moiti\u00e9 de ces <strong>tableaux, dispers\u00e9s un peu partout et parfois impossibles \u00e0 localiser<\/strong>, est pr\u00e9sent\u00e9e au mus\u00e9e Ch\u00e9ret, <strong>jusqu\u2019au 8 mars 2026<\/strong>. L\u2019exposition, intitul\u00e9e L\u2019\u00c9clat du Midi, est agr\u00e9ment\u00e9e d\u2019autres r\u00e9alisations de celui qui a vu le jour \u00e0 Granville, dans la Manche, avant de passer l\u2019essentiel de sa vie dans les Yvelines, \u00e0 Saint-Germain-en-Laye.<\/p>\n<p class=\"fs-5 \">\u00ab En g\u00e9n\u00e9ral, on dit de Maurice Denis qu\u2019il est le fondateur du mouvement Nabi*, qu\u2019il est un peintre du religieux, ayant sign\u00e9 de nombreuses sc\u00e8nes d\u2019annonciation. Ou bien on le rattache \u00e0 la Bretagne, \u00e0 Perros-Guirec. Des axes toujours assez r\u00e9p\u00e9titifs. Nous, on a voulu l\u2019aborder sous d\u2019autres angles, \u00e0 travers une d\u00e9cennie, les ann\u00e9es 1920 et une r\u00e9gion, le Sud \u00bb, d\u00e9taille Johanne Lindskog, co-commissaire avec Jeanne Pilon, responsable des expos aux Beaux-Arts de Nice.<\/p>\n<p class=\"fs-5 \">*<strong>Le mouvement Nabi<\/strong>\u00a0: form\u00e9 en 1888 \u00e0 l\u2019Acad\u00e9mie Julian \u00e0 Paris, le groupe se compose de Paul S\u00e9rusier, Maurice Denis, Pierre Bonnard, Ker-Xavier Roussel et Paul-\u00c9lie Ranson. Ces disciples de Gauguin, symbolistes et port\u00e9s sur l\u2019\u00e9sot\u00e9risme, pr\u00f4naient un retour \u00e0 l\u2019imaginaire et \u00e0 la subjectivit\u00e9. \u00ab Nabi \u00bb signifie \u00ab proph\u00e8te \u00bb en h\u00e9breu.<\/p>\n<p>                                                                                Dans le Sud, il rencontre C\u00e9zanne, Signac ou Renoir<\/p>\n<p class=\"fs-5 \">En tout et pour tout, <strong>Maurice Denis aura effectu\u00e9 trois s\u00e9jours dans le Midi.<\/strong> Le premier a lieu en 1906. \u00c0 Aix-en-Provence, il attend \u00e0 la sortie d\u2019une \u00e9glise en esp\u00e9rant rencontrer C\u00e9zanne. Bingo : le ma\u00eetre l\u2019invite chez lui. Puis il entame un p\u00e9riple \u00e0 bicyclette, de Marseille \u00e0 Bordighera, en Italie.<\/p>\n<p class=\"fs-5 \"><strong>Sanary, Bandol, Toulon, Cavalaire, Agay, Antibes, Nice<\/strong>&#8230; Les haltes sont nombreuses et souvent propices aux moments de partage avec des \u00ab confr\u00e8res \u00bb, comme Paul Signac \u00e0 Saint-Tropez ou Renoir \u00e0 Cagnes-sur-Mer.<\/p>\n<p class=\"fs-5 \">Les rang\u00e9es ordonn\u00e9es de cypr\u00e8s, la splendeur du mimosa, la d\u00e9licatesse des pins parasols l\u2019inspirent, tout comme la beaut\u00e9 sauvage du cap d\u2019Antibes ou du baou de Saint-Jeannet lors de ses voyages suivants, en 1913 et en 1922. \u00c0 chaque fois, il griffonne ses croquis dans un carnet, avant de retourner \u00e0 son atelier.<\/p>\n<p class=\"fs-5 \">Avec Nausicaa : Le Jeu de balle, il donne une dimension mythologique, en \u00e9voquant un \u00e9pisode de L\u2019Odyss\u00e9e d\u2019Hom\u00e8re, \u00e0 travers une partie de tennis entre deux femmes \u00e9l\u00e9gantes, avec un aper\u00e7u sur le Haut-de-Cagnes en arri\u00e8re-plan.<\/p>\n<p>                                                                                Le charme d\u2019Antibes&#8230; et d\u2019Elisabeth<\/p>\n<p class=\"fs-5 \">En 1919, Maurice Denis perd Marthe, la m\u00e8re de ses six enfants. Dans sa demeure, il commence la construction d\u2019une chapelle o\u00f9 sa d\u00e9funte \u00e9pouse est pr\u00e9sent\u00e9e en sainte.<\/p>\n<p class=\"fs-5 \">Trois ans apr\u00e8s, le peintre est de retour sur la C\u00f4te d\u2019Azur, en voyage de noces avec sa seconde femme, Elisabeth, qui enseignait la musique \u00e0 Bernadette, l\u2019une des filles de Maurice Denis. Plusieurs sites le s\u00e9duisent une nouvelle fois. Sur sa toile, la chapelle Saint-Cassien de Cannes appara\u00eet, baign\u00e9e dans une d\u00e9licate lumi\u00e8re de tomb\u00e9e du jour, en hiver.<\/p>\n<p class=\"fs-5 \">Le \u00ab jeune \u00bb couple loge durant trois semaines dans une annexe de l\u2019H\u00f4tel de l\u2019Ilette, \u00e0 Antibes. Denis se focalise autant sur l\u2019oratoire du sanctuaire de la Garoupe que sur les formes g\u00e9n\u00e9reuses d\u2019Elisabet, pos\u00e9e devant une fen\u00eatre donnant sur la vieille ville, dans une robe rose glissant sur l\u2019une de ses \u00e9paules.<\/p>\n<p class=\"fs-5 \">\u00ab Il est absolument conquis par sa nouvelle \u00e9pouse et il ne cesse d\u2019en montrer ses charmes et la volupt\u00e9 de son corps, jusqu\u2019\u00e0 la repr\u00e9senter en trois aspects, en faisant peut-\u00eatre r\u00e9f\u00e9rence aux Trois Gr\u00e2ces. Cette p\u00e9riode a marqu\u00e9 un renouveau dans sa vie, personnelle et artistique \u00bb, indique Jeanne Pilon.<\/p>\n<p class=\"fs-5 \"><strong>Pratique\u00a0<\/strong>: Mus\u00e9e des Beaux-Arts de Nice. 33, avenue des Baumettes. Du mardi au dimanche, de 11 h \u00e0 18 h. Entr\u00e9e 10 euros, gratuit pour les moins de 18 ans et habitants de la M\u00e9trople. <a href=\"http:\/\/www.musee-beaux-arts-nice.org\/\" target=\"_blank\" rel=\"nofollow noopener\">Plus d\u2019informations sur le site du Mus\u00e9e<\/a>.<\/p>\n","protected":false},"excerpt":{"rendered":"Lorsque Johanne Lindskog est arriv\u00e9e pour prendre la direction du mus\u00e9e Ch\u00e9ret \u00e0 Nice, en 2019, elle a&hellip;\n","protected":false},"author":2,"featured_media":565927,"comment_status":"","ping_status":"","sticky":false,"template":"","format":"standard","meta":{"footnotes":""},"categories":[2819],"tags":[1111,11,1777,674,1011,27,12,2401,882,25],"class_list":{"0":"post-565926","1":"post","2":"type-post","3":"status-publish","4":"format-standard","5":"has-post-thumbnail","7":"category-nice","8":"tag-actu","9":"tag-actualites","10":"tag-eu","11":"tag-europe","12":"tag-fr","13":"tag-france","14":"tag-news","15":"tag-nice","16":"tag-provence-alpes-cote-dazur","17":"tag-republique-francaise"},"share_on_mastodon":{"url":"https:\/\/pubeurope.com\/@fr\/115631134964114658","error":""},"_links":{"self":[{"href":"https:\/\/www.europesays.com\/fr\/wp-json\/wp\/v2\/posts\/565926","targetHints":{"allow":["GET"]}}],"collection":[{"href":"https:\/\/www.europesays.com\/fr\/wp-json\/wp\/v2\/posts"}],"about":[{"href":"https:\/\/www.europesays.com\/fr\/wp-json\/wp\/v2\/types\/post"}],"author":[{"embeddable":true,"href":"https:\/\/www.europesays.com\/fr\/wp-json\/wp\/v2\/users\/2"}],"replies":[{"embeddable":true,"href":"https:\/\/www.europesays.com\/fr\/wp-json\/wp\/v2\/comments?post=565926"}],"version-history":[{"count":0,"href":"https:\/\/www.europesays.com\/fr\/wp-json\/wp\/v2\/posts\/565926\/revisions"}],"wp:featuredmedia":[{"embeddable":true,"href":"https:\/\/www.europesays.com\/fr\/wp-json\/wp\/v2\/media\/565927"}],"wp:attachment":[{"href":"https:\/\/www.europesays.com\/fr\/wp-json\/wp\/v2\/media?parent=565926"}],"wp:term":[{"taxonomy":"category","embeddable":true,"href":"https:\/\/www.europesays.com\/fr\/wp-json\/wp\/v2\/categories?post=565926"},{"taxonomy":"post_tag","embeddable":true,"href":"https:\/\/www.europesays.com\/fr\/wp-json\/wp\/v2\/tags?post=565926"}],"curies":[{"name":"wp","href":"https:\/\/api.w.org\/{rel}","templated":true}]}}