{"id":565928,"date":"2025-11-29T04:37:17","date_gmt":"2025-11-29T04:37:17","guid":{"rendered":"https:\/\/www.europesays.com\/fr\/565928\/"},"modified":"2025-11-29T04:37:17","modified_gmt":"2025-11-29T04:37:17","slug":"le-president-fabrice-bocquet-met-la-pression-sur-ses-joueurs","status":"publish","type":"post","link":"https:\/\/www.europesays.com\/fr\/565928\/","title":{"rendered":"le pr\u00e9sident Fabrice Bocquet met la pression sur ses joueurs"},"content":{"rendered":"<p>Au lendemain de la lourde d\u00e9faite conc\u00e9d\u00e9e par l\u2019OGC Nice sur la pelouse du FC Porto (0-3) et d\u2019<a href=\"https:\/\/www.footmercato.net\/france\/ligue-1\/2025-2026\/classement\" target=\"_blank\" rel=\"noopener\">une triste 9e place en Ligue 1<\/a>, <a href=\"https:\/\/www.footmercato.net\/entraineur\/franck-haise\" target=\"_blank\" rel=\"noopener\">Franck Haise<\/a> <a href=\"https:\/\/www.footmercato.net\/a1397944920670615654-nice-les-vraies-raisons-du-non-depart-de-franck-haise\" target=\"_blank\" rel=\"noopener\">a \u00e9t\u00e9 maintenu par sa direction sur le banc<\/a>. Interrog\u00e9 sur la situation sportive et sur son entra\u00eeneur, le pr\u00e9sident ni\u00e7ois, Fabrice Bocquet, a livr\u00e9 son bilan dans les colonnes de L\u2019Equipe. S\u2019il rappelle que le Gym a d\u00e9j\u00e0 connu des d\u00e9buts de saison similaires \u2014 avec 17 points en 13 journ\u00e9es \u2014 il reconna\u00eet que le parcours europ\u00e9en actuel est \u00ab tr\u00e8s mal \u00bb v\u00e9cu par la direction et a point\u00e9 du doigt l\u2019effectif azur\u00e9en, en soutenant son manager. <\/p>\n<p>            La suite apr\u00e8s cette publicit\u00e9<\/p>\n<p>\u00abOn a connu des \u00e9quipes ni\u00e7oises plus vaillantes que celle-ci avec des joueurs moins forts, a-t-il confi\u00e9 apr\u00e8s avoir r\u00e9cemment parl\u00e9 au groupe. Je leur ai dit qu\u2019on manquait d\u2019engagement. En plus, on est la 18e \u00e9quipe de <a href=\"https:\/\/www.footmercato.net\/france\/ligue-1\/\" target=\"_blank\" rel=\"noopener\">Ligue 1<\/a> sur coups de pied arr\u00eat\u00e9s, ce n\u2019est pas possible. Les leviers appartiennent au staff et \u00e0 l\u2019entra\u00eeneur, c\u2019est \u00e0 leur niveau que \u00e7a se joue. On n\u2019est pas dans une impasse, c\u2019est un moment tr\u00e8s difficile\u00bb. S\u2019il assure que le Gym tentera de se renforcer au mercato d\u2019hiver, Bocquet pr\u00e9vient que \u00abce ne sera pas la formule magique\u00bb. <\/p>\n<p>\n    Pub. le 28\/11\/2025 19:08<br \/>\n            &#8211; MAJ le 28\/11\/2025 19:10\n    <\/p>\n","protected":false},"excerpt":{"rendered":"Au lendemain de la lourde d\u00e9faite conc\u00e9d\u00e9e par l\u2019OGC Nice sur la pelouse du FC Porto (0-3) et&hellip;\n","protected":false},"author":2,"featured_media":565929,"comment_status":"","ping_status":"","sticky":false,"template":"","format":"standard","meta":{"footnotes":""},"categories":[2819],"tags":[1111,11,1777,674,1011,27,12,2401,882,25],"class_list":{"0":"post-565928","1":"post","2":"type-post","3":"status-publish","4":"format-standard","5":"has-post-thumbnail","7":"category-nice","8":"tag-actu","9":"tag-actualites","10":"tag-eu","11":"tag-europe","12":"tag-fr","13":"tag-france","14":"tag-news","15":"tag-nice","16":"tag-provence-alpes-cote-dazur","17":"tag-republique-francaise"},"share_on_mastodon":{"url":"https:\/\/pubeurope.com\/@fr\/115631137946333515","error":""},"_links":{"self":[{"href":"https:\/\/www.europesays.com\/fr\/wp-json\/wp\/v2\/posts\/565928","targetHints":{"allow":["GET"]}}],"collection":[{"href":"https:\/\/www.europesays.com\/fr\/wp-json\/wp\/v2\/posts"}],"about":[{"href":"https:\/\/www.europesays.com\/fr\/wp-json\/wp\/v2\/types\/post"}],"author":[{"embeddable":true,"href":"https:\/\/www.europesays.com\/fr\/wp-json\/wp\/v2\/users\/2"}],"replies":[{"embeddable":true,"href":"https:\/\/www.europesays.com\/fr\/wp-json\/wp\/v2\/comments?post=565928"}],"version-history":[{"count":0,"href":"https:\/\/www.europesays.com\/fr\/wp-json\/wp\/v2\/posts\/565928\/revisions"}],"wp:featuredmedia":[{"embeddable":true,"href":"https:\/\/www.europesays.com\/fr\/wp-json\/wp\/v2\/media\/565929"}],"wp:attachment":[{"href":"https:\/\/www.europesays.com\/fr\/wp-json\/wp\/v2\/media?parent=565928"}],"wp:term":[{"taxonomy":"category","embeddable":true,"href":"https:\/\/www.europesays.com\/fr\/wp-json\/wp\/v2\/categories?post=565928"},{"taxonomy":"post_tag","embeddable":true,"href":"https:\/\/www.europesays.com\/fr\/wp-json\/wp\/v2\/tags?post=565928"}],"curies":[{"name":"wp","href":"https:\/\/api.w.org\/{rel}","templated":true}]}}