{"id":565930,"date":"2025-11-29T04:38:43","date_gmt":"2025-11-29T04:38:43","guid":{"rendered":"https:\/\/www.europesays.com\/fr\/565930\/"},"modified":"2025-11-29T04:38:43","modified_gmt":"2025-11-29T04:38:43","slug":"quartiers-nantais-naissance-dahs-nouvelle-association-de-solidarite","status":"publish","type":"post","link":"https:\/\/www.europesays.com\/fr\/565930\/","title":{"rendered":"Quartiers nantais : naissance d\u2019AHS, nouvelle association de solidarit\u00e9"},"content":{"rendered":"<p>L\u2019association \u00ab\u00a0action humanitaire et solidarit\u00e9 \u00ab\u00a0se pr\u00e9pare \u00e0 faire ses premiers pas le 17\u00a0janvier 2026, \u00e0 la salle polyvalente du Breil, 38, rue du Breil. De 15\u00a0h \u00e0 18\u00a0h, ses fondamentaux, ses missions prioritaires et ses projets seront pr\u00e9sent\u00e9s, ainsi que des t\u00e9moignages des fondateurs et des b\u00e9n\u00e9voles, tout cela agr\u00e9ment\u00e9 d\u2019ateliers participatifs et de stands d\u2019information, avant un final festif et caritatif, de 19\u00a0h \u00e0 2\u00a0h du matin.<\/p>\n<p>\u00a0AHS est \u00e0 but non lucratif. Nous allons lancer des actions sociales, culturelles et \u00e9ducatives cibl\u00e9es sur les enfants d\u00e9munis et handicap\u00e9s, atteints de maladies rares\u00a0, pr\u00e9cisent les statuts de cette association r\u00e9cente, qui date de 2024 et qui comptera un bureau de huit\u00a0membres \u00e9lus pour deux\u00a0ans.<\/p>\n<p>Ses valeurs nourrici\u00e8res rejoignent celles du grand humanisme\u00a0: \u00a0La solidarit\u00e9 et l\u2019inclusion, avec transparence, partage et d\u00e9mocratie\u00a0, annonce son pr\u00e9sident.<\/p>\n<p>La participation au lancement est d\u2019un euro symbolique.<\/p>\n<p>Pole Mangin Beaulieu, 10, 12, rue Anatole-de-Monzie, 44200 Nantes. Tel\u00a0: 07\u00a058\u00a046\u00a062\u00a015 \u2013 07\u00a058\u00a063\u00a078\u00a035. Courriel\u00a0: ahumanitairesolidarite@gmail.com<\/p>\n<p>\u00a0<\/p>\n","protected":false},"excerpt":{"rendered":"L\u2019association \u00ab\u00a0action humanitaire et solidarit\u00e9 \u00ab\u00a0se pr\u00e9pare \u00e0 faire ses premiers pas le 17\u00a0janvier 2026, \u00e0 la salle&hellip;\n","protected":false},"author":2,"featured_media":565931,"comment_status":"","ping_status":"","sticky":false,"template":"","format":"standard","meta":{"footnotes":""},"categories":[2818],"tags":[1111,11,68139,4077,1777,674,1011,27,198,4715,766,12,2043,2636,5116,25,3400],"class_list":{"0":"post-565930","1":"post","2":"type-post","3":"status-publish","4":"format-standard","5":"has-post-thumbnail","7":"category-nantes","8":"tag-actu","9":"tag-actualites","10":"tag-ahs","11":"tag-association","12":"tag-eu","13":"tag-europe","14":"tag-fr","15":"tag-france","16":"tag-naissance","17":"tag-nantais","18":"tag-nantes","19":"tag-news","20":"tag-nouvelle","21":"tag-pays-de-la-loire","22":"tag-quartiers","23":"tag-republique-francaise","24":"tag-solidarite"},"share_on_mastodon":{"url":"https:\/\/pubeurope.com\/@fr\/115631141811082662","error":""},"_links":{"self":[{"href":"https:\/\/www.europesays.com\/fr\/wp-json\/wp\/v2\/posts\/565930","targetHints":{"allow":["GET"]}}],"collection":[{"href":"https:\/\/www.europesays.com\/fr\/wp-json\/wp\/v2\/posts"}],"about":[{"href":"https:\/\/www.europesays.com\/fr\/wp-json\/wp\/v2\/types\/post"}],"author":[{"embeddable":true,"href":"https:\/\/www.europesays.com\/fr\/wp-json\/wp\/v2\/users\/2"}],"replies":[{"embeddable":true,"href":"https:\/\/www.europesays.com\/fr\/wp-json\/wp\/v2\/comments?post=565930"}],"version-history":[{"count":0,"href":"https:\/\/www.europesays.com\/fr\/wp-json\/wp\/v2\/posts\/565930\/revisions"}],"wp:featuredmedia":[{"embeddable":true,"href":"https:\/\/www.europesays.com\/fr\/wp-json\/wp\/v2\/media\/565931"}],"wp:attachment":[{"href":"https:\/\/www.europesays.com\/fr\/wp-json\/wp\/v2\/media?parent=565930"}],"wp:term":[{"taxonomy":"category","embeddable":true,"href":"https:\/\/www.europesays.com\/fr\/wp-json\/wp\/v2\/categories?post=565930"},{"taxonomy":"post_tag","embeddable":true,"href":"https:\/\/www.europesays.com\/fr\/wp-json\/wp\/v2\/tags?post=565930"}],"curies":[{"name":"wp","href":"https:\/\/api.w.org\/{rel}","templated":true}]}}